{"id":4280,"date":"2020-06-11T09:17:40","date_gmt":"2020-06-11T09:17:40","guid":{"rendered":"https:\/\/miklostv.com\/new\/2020\/06\/11\/hazhoz-mentek-torokszentmikloson\/"},"modified":"2020-06-11T09:17:40","modified_gmt":"2020-06-11T09:17:40","slug":"hazhoz-mentek-torokszentmikloson","status":"publish","type":"post","link":"https:\/\/miklostv.com\/new\/2020\/06\/11\/hazhoz-mentek-torokszentmikloson\/","title":{"rendered":"H\u00c1ZHOZ MENTEK T\u00d6R\u00d6KSZENTMIKL\u00d3SON"},"content":{"rendered":"<p><span style=\"font-family: 'Palatino Linotype', 'Book Antiqua', Palatino, serif; font-size: 16px; font-weight: bold;\">A v\u00e1rosban folytat\u00f3dtak a rend\u0151rs\u00e9g aktu\u00e1lis prevenci\u00f3s programjai.<\/span><\/p>\n<p style=\"margin: 18px 0px 0px; padding: 0px; font-family: 'Palatino Linotype', 'Book Antiqua', Palatino, serif; font-size: 16px;\">Az Orsz\u00e1gos Rend\u0151r-f\u0151kapit\u00e1nys\u00e1g 2015. \u0151sz\u00e9n \u201eH\u00e1zhoz megy\u00fcnk\u201d c\u00edmmel ind\u00edtott kamp\u00e1nyt haz\u00e1nk vagyonbiztons\u00e1g\u00e1nak er\u0151s\u00edt\u00e9se c\u00e9lj\u00e1b\u00f3l, a lakoss\u00e1g szubjekt\u00edv biztons\u00e1g\u00e9rzet\u00e9t legink\u00e1bb befoly\u00e1sol\u00f3 lop\u00e1s b\u0171ncselekm\u00e9nyek megel\u0151z\u00e9s\u00e9re. A program 2020. \u00e9vben is tov\u00e1bb folytat\u00f3dik. Az orsz\u00e1gos kamp\u00e1nysorozat f\u0151 c\u00e9lja, hogy az \u00e1llampolg\u00e1rokat haszn\u00e1lhat\u00f3 b\u0171nmegel\u0151z\u00e9si tan\u00e1csokkal l\u00e1ss\u00e1k el, ez\u00e1ltal n\u00f6velve szubjekt\u00edv biztons\u00e1g\u00e9rzet\u00fcket. A programban \u2013 az eddigiekhez hasonl\u00f3an \u2013 a rend\u0151rs\u00e9g mellett r\u00e9szt vesznek az \u00e9rintett \u00f6nkorm\u00e1nyzatok, a helyi polg\u00e1r\u0151rs\u00e9g, az Aegon Magyarorsz\u00e1g \u00c1ltal\u00e1nos Biztos\u00edt\u00f3 Zrt. \u00e9s a Szem\u00e9ly-, Vagyonv\u00e9delmi \u00e9s Mag\u00e1nnyomoz\u00f3i Szakmai Kamara ter\u00fcleti k\u00e9pvisel\u0151i, szakemberei.<\/p>\n<p style=\"margin: 18px 0px 0px; padding: 0px; font-family: 'Palatino Linotype', 'Book Antiqua', Palatino, serif; font-size: 16px;\">A T\u00f6r\u00f6kszentmikl\u00f3si Rend\u0151rkapit\u00e1nys\u00e1g b\u0171nmegel\u0151z\u00e9si el\u0151ad\u00f3ja \u00e9s a helyi polg\u00e1r\u0151rs\u00e9g k\u00e9pvisel\u0151je 2020. j\u00fanius 10-\u00e9n 8 \u00f3r\u00e1t\u00f3l 11 \u00f3r\u00e1ig a helyi piacon v\u00e1rta az \u00e9rdekl\u0151d\u0151ket.<\/p>\n<p style=\"margin: 18px 0px 0px; padding: 0px; font-family: 'Palatino Linotype', 'Book Antiqua', Palatino, serif; font-size: 16px;\">A piacon v\u00e1s\u00e1rl\u00f3k &#8211; mintegy 50 f\u0151 &#8211; \u00e9rdekl\u0151dve kerest\u00e9k fel az inform\u00e1ci\u00f3s pontot \u00e9s tett\u00e9k fel k\u00e9rd\u00e9seiket, valamint egy ker\u00e9kp\u00e1rt hoztak regisztr\u00e1l\u00e1sra.<\/p>\n<p style=\"margin: 18px 0px 0px; padding: 0px; font-family: 'Palatino Linotype', 'Book Antiqua', Palatino, serif; font-size: 16px;\">Ne v\u00e1ljon \u00e1ldozatt\u00e1! Fogadja meg rend\u0151rs\u00e9g b\u0171nmegel\u0151z\u00e9si tan\u00e1csait!<\/p>\n<ul style=\"margin: 0px 0px 0px 20px; padding: 0px; list-style-position: outside; font-family: 'Palatino Linotype', 'Book Antiqua', Palatino, serif; font-size: 16px;\">\n<li style=\"margin: 0px; padding: 0px;\">Aki v\u00e1s\u00e1rolni, \u00fcgyet int\u00e9zni megy, sehol ne hagyja &#8211; m\u00e9g r\u00f6vid id\u0151re sem &#8211; lez\u00e1ratlanul a ker\u00e9kp\u00e1rj\u00e1t!<\/li>\n<li style=\"margin: 0px; padding: 0px;\">Haszn\u00e1ljon j\u00f3 min\u0151s\u00e9g\u0171 z\u00e1rat, \u00e9s a ker\u00e9kp\u00e1r korm\u00e1ny\u00e1n, kosar\u00e1ban ne hagyjon t\u00e1sk\u00e1t, telefont, p\u00e9nzt\u00e1rc\u00e1t!<\/li>\n<li style=\"margin: 0px; padding: 0px;\">Ker\u00e9kp\u00e1rj\u00e1t lehet\u0151s\u00e9g szerint korl\u00e1thoz, oszlophoz lakatolja!<\/li>\n<li style=\"margin: 0px; padding: 0px;\">Mik\u00f6zben v\u00e1s\u00e1rol, ne tegye le a t\u00e1sk\u00e1j\u00e1t, p\u00e9nzt\u00e1rc\u00e1j\u00e1t sehova, mert k\u00f6nnyen elvihetik azokat. P\u00e9nzt\u00e1rc\u00e1j\u00e1t, bankk\u00e1rty\u00e1j\u00e1t, mobiltelefonj\u00e1t \u00e9s egy\u00e9b \u00e9rt\u00e9keit tegye biztons\u00e1gos helyre!<\/li>\n<li style=\"margin: 0px; padding: 0px;\">Bankk\u00e1rty\u00e1j\u00e1t \u00e9s a hozz\u00e1 tartoz\u00f3 PIN-k\u00f3dot ne tartsa egym\u00e1s mellett!<\/li>\n<li style=\"margin: 0px; padding: 0px;\">Forgalmas helyeken, t\u00f6megben t\u00e1sk\u00e1j\u00e1t tartsa testk\u00f6zelben, \u00e9rt\u00e9keit a t\u00e1ska belsej\u00e9ben helyezze el!&nbsp;<\/li>\n<li style=\"margin: 0px; padding: 0px;\">V\u00e1llt\u00e1sk\u00e1j\u00e1t maga el\u0151tt fogja, h\u00e1tizs\u00e1k, h\u00e1tit\u00e1ska k\u00fcls\u0151 zsebeiben, farzseb\u00e9ben ne tartson \u00e9rt\u00e9keket!<\/li>\n<li style=\"margin: 0px; padding: 0px;\">Ha hosszabb id\u0151n kereszt\u00fcl gyan\u00fasan viselked\u0151 szem\u00e9lyt l\u00e1t a k\u00f6zelben, ellen\u0151rizze \u00e9rt\u00e9keinek megl\u00e9t\u00e9t! Ha megt\u00f6rt\u00e9nt a baj, azonnal \u00e9rtes\u00edtse a rend\u0151rs\u00e9get a 112-es k\u00f6zponti seg\u00e9lyh\u00edv\u00f3n!<\/li>\n<\/ul>\n<p style=\"margin: 18px 0px 0px; padding: 0px; font-family: 'Palatino Linotype', 'Book Antiqua', Palatino, serif; font-size: 16px;\">A T\u00f6r\u00f6kszentmikl\u00f3si Rend\u0151rkapit\u00e1nys\u00e1g b\u0171nmegel\u0151z\u00e9si el\u0151ad\u00f3ja legk\u00f6zelebb 2020. j\u00fanius 12-\u00e9n p\u00e9nteken 8-11-\u00f3r\u00e1ig Kengyelen, a b\u0171nmegel\u0151z\u00e9si inform\u00e1ci\u00f3s ponton v\u00e1rja a helyieket a H\u00c1ZHOZ MEGY\u00dcNK \u00e9s a BIKESAFE<strong style=\"font-style: inherit; font-variant: inherit; font-size: inherit; line-height: inherit; font-family: inherit;\">&nbsp;<\/strong>programokkal.<br \/><img fetchpriority=\"high\" decoding=\"async\" class=\" size-full wp-image-4278\" src=\"https:\/\/miklostv.com\/new\/wp-content\/uploads\/2020\/06\/Torokszentmiklos_piac2_0610.jpg\" alt=\"T\u00f6r\u00f6kszentmikl\u00f3s piac2 0610.jpg\" width=\"1250\" height=\"938\" srcset=\"https:\/\/miklostv.com\/new\/wp-content\/uploads\/2020\/06\/Torokszentmiklos_piac2_0610.jpg 1250w, https:\/\/miklostv.com\/new\/wp-content\/uploads\/2020\/06\/Torokszentmiklos_piac2_0610-300x225.jpg 300w, https:\/\/miklostv.com\/new\/wp-content\/uploads\/2020\/06\/Torokszentmiklos_piac2_0610-1024x768.jpg 1024w, https:\/\/miklostv.com\/new\/wp-content\/uploads\/2020\/06\/Torokszentmiklos_piac2_0610-768x576.jpg 768w\" sizes=\"(max-width: 1250px) 100vw, 1250px\" \/><\/p>\n<p><img decoding=\"async\" class=\" size-full wp-image-4279\" src=\"https:\/\/miklostv.com\/new\/wp-content\/uploads\/2020\/06\/Torokszentmiklos_piac1_0610.jpg\" alt=\"T\u00f6r\u00f6kszentmikl\u00f3s piac1 0610.jpg\" width=\"1250\" height=\"938\" srcset=\"https:\/\/miklostv.com\/new\/wp-content\/uploads\/2020\/06\/Torokszentmiklos_piac1_0610.jpg 1250w, https:\/\/miklostv.com\/new\/wp-content\/uploads\/2020\/06\/Torokszentmiklos_piac1_0610-300x225.jpg 300w, https:\/\/miklostv.com\/new\/wp-content\/uploads\/2020\/06\/Torokszentmiklos_piac1_0610-1024x768.jpg 1024w, https:\/\/miklostv.com\/new\/wp-content\/uploads\/2020\/06\/Torokszentmiklos_piac1_0610-768x576.jpg 768w\" sizes=\"(max-width: 1250px) 100vw, 1250px\" \/><br \/>Forr\u00e1s: police.hu<\/p>\n","protected":false},"excerpt":{"rendered":"<p>A v\u00e1rosban folytat\u00f3dtak a rend\u0151rs\u00e9g aktu\u00e1lis prevenci\u00f3s programjai. Az Orsz\u00e1gos Rend\u0151r-f\u0151kapit\u00e1nys\u00e1g 2015. \u0151sz\u00e9n \u201eH\u00e1zhoz megy\u00fcnk\u201d c\u00edmmel ind\u00edtott kamp\u00e1nyt haz\u00e1nk vagyonbiztons\u00e1g\u00e1nak er\u0151s\u00edt\u00e9se c\u00e9lj\u00e1b\u00f3l, a lakoss\u00e1g szubjekt\u00edv biztons\u00e1g\u00e9rzet\u00e9t legink\u00e1bb befoly\u00e1sol\u00f3 lop\u00e1s b\u0171ncselekm\u00e9nyek megel\u0151z\u00e9s\u00e9re. A program 2020. \u00e9vben is tov\u00e1bb folytat\u00f3dik. Az orsz\u00e1gos kamp\u00e1nysorozat f\u0151 c\u00e9lja, hogy az \u00e1llampolg\u00e1rokat haszn\u00e1lhat\u00f3 b\u0171nmegel\u0151z\u00e9si tan\u00e1csokkal l\u00e1ss\u00e1k el, ez\u00e1ltal n\u00f6velve szubjekt\u00edv biztons\u00e1g\u00e9rzet\u00fcket. A programban \u2013 az eddigiekhez hasonl\u00f3an \u2013 a rend\u0151rs\u00e9g mellett r\u00e9szt vesznek az \u00e9rintett \u00f6nkorm\u00e1nyzatok, a helyi polg\u00e1r\u0151rs\u00e9g, az Aegon Magyarorsz\u00e1g \u00c1ltal\u00e1nos Biztos\u00edt\u00f3 Zrt. \u00e9s a Szem\u00e9ly-, Vagyonv\u00e9delmi \u00e9s Mag\u00e1nnyomoz\u00f3i Szakmai Kamara ter\u00fcleti k\u00e9pvisel\u0151i, szakemberei.&hellip;<\/p>\n","protected":false},"author":1,"featured_media":4277,"comment_status":"open","ping_status":"open","sticky":false,"template":"","format":"standard","meta":{"fifu_image_url":"","fifu_image_alt":"","footnotes":""},"categories":[32],"tags":[],"class_list":["post-4280","post","type-post","status-publish","format-standard","has-post-thumbnail","hentry","category-hirek2"],"gutentor_comment":0,"yoast_head":"<!-- This site is optimized with the Yoast SEO plugin v27.5 - https:\/\/yoast.com\/product\/yoast-seo-wordpress\/ -->\n<title>H\u00c1ZHOZ MENTEK T\u00d6R\u00d6KSZENTMIKL\u00d3SON - Mikl\u00f3s TV<\/title>\n<meta name=\"robots\" content=\"index, follow, max-snippet:-1, max-image-preview:large, max-video-preview:-1\" \/>\n<link rel=\"canonical\" href=\"https:\/\/miklostv.com\/new\/2020\/06\/11\/hazhoz-mentek-torokszentmikloson\/\" \/>\n<meta property=\"og:locale\" content=\"hu_HU\" \/>\n<meta property=\"og:type\" content=\"article\" \/>\n<meta property=\"og:title\" content=\"H\u00c1ZHOZ MENTEK T\u00d6R\u00d6KSZENTMIKL\u00d3SON - Mikl\u00f3s TV\" \/>\n<meta property=\"og:description\" content=\"A v\u00e1rosban folytat\u00f3dtak a rend\u0151rs\u00e9g aktu\u00e1lis prevenci\u00f3s programjai. Az Orsz\u00e1gos Rend\u0151r-f\u0151kapit\u00e1nys\u00e1g 2015. \u0151sz\u00e9n \u201eH\u00e1zhoz megy\u00fcnk\u201d c\u00edmmel ind\u00edtott kamp\u00e1nyt haz\u00e1nk vagyonbiztons\u00e1g\u00e1nak er\u0151s\u00edt\u00e9se c\u00e9lj\u00e1b\u00f3l, a lakoss\u00e1g szubjekt\u00edv biztons\u00e1g\u00e9rzet\u00e9t legink\u00e1bb befoly\u00e1sol\u00f3 lop\u00e1s b\u0171ncselekm\u00e9nyek megel\u0151z\u00e9s\u00e9re. A program 2020. \u00e9vben is tov\u00e1bb folytat\u00f3dik. Az orsz\u00e1gos kamp\u00e1nysorozat f\u0151 c\u00e9lja, hogy az \u00e1llampolg\u00e1rokat haszn\u00e1lhat\u00f3 b\u0171nmegel\u0151z\u00e9si tan\u00e1csokkal l\u00e1ss\u00e1k el, ez\u00e1ltal n\u00f6velve szubjekt\u00edv biztons\u00e1g\u00e9rzet\u00fcket. A programban \u2013 az eddigiekhez hasonl\u00f3an \u2013 a rend\u0151rs\u00e9g mellett r\u00e9szt vesznek az \u00e9rintett \u00f6nkorm\u00e1nyzatok, a helyi polg\u00e1r\u0151rs\u00e9g, az Aegon Magyarorsz\u00e1g \u00c1ltal\u00e1nos Biztos\u00edt\u00f3 Zrt. \u00e9s a Szem\u00e9ly-, Vagyonv\u00e9delmi \u00e9s Mag\u00e1nnyomoz\u00f3i Szakmai Kamara ter\u00fcleti k\u00e9pvisel\u0151i, szakemberei.&hellip;\" \/>\n<meta property=\"og:url\" content=\"https:\/\/miklostv.com\/new\/2020\/06\/11\/hazhoz-mentek-torokszentmikloson\/\" \/>\n<meta property=\"og:site_name\" content=\"Mikl\u00f3s TV\" \/>\n<meta property=\"article:published_time\" content=\"2020-06-11T09:17:40+00:00\" \/>\n<meta property=\"og:image\" content=\"https:\/\/miklostv.com\/new\/wp-content\/uploads\/2020\/06\/Tszm.jpg\" \/>\n\t<meta property=\"og:image:width\" content=\"376\" \/>\n\t<meta property=\"og:image:height\" content=\"250\" \/>\n\t<meta property=\"og:image:type\" content=\"image\/jpeg\" \/>\n<meta name=\"author\" content=\"S\u00e1ndor\" \/>\n<meta name=\"twitter:card\" content=\"summary_large_image\" \/>\n<meta name=\"twitter:label1\" content=\"Szerz\u0151:\" \/>\n\t<meta name=\"twitter:data1\" content=\"S\u00e1ndor\" \/>\n\t<meta name=\"twitter:label2\" content=\"Becs\u00fclt olvas\u00e1si id\u0151\" \/>\n\t<meta name=\"twitter:data2\" content=\"3 perc\" \/>\n<script type=\"application\/ld+json\" class=\"yoast-schema-graph\">{\"@context\":\"https:\\\/\\\/schema.org\",\"@graph\":[{\"@type\":\"NewsArticle\",\"@id\":\"https:\\\/\\\/miklostv.com\\\/new\\\/2020\\\/06\\\/11\\\/hazhoz-mentek-torokszentmikloson\\\/#article\",\"isPartOf\":{\"@id\":\"https:\\\/\\\/miklostv.com\\\/new\\\/2020\\\/06\\\/11\\\/hazhoz-mentek-torokszentmikloson\\\/\"},\"author\":{\"name\":\"S\u00e1ndor\",\"@id\":\"https:\\\/\\\/miklostv.com\\\/new\\\/#\\\/schema\\\/person\\\/6339cdd0bbd336ec6345812e3958be3b\"},\"headline\":\"H\u00c1ZHOZ MENTEK T\u00d6R\u00d6KSZENTMIKL\u00d3SON\",\"datePublished\":\"2020-06-11T09:17:40+00:00\",\"mainEntityOfPage\":{\"@id\":\"https:\\\/\\\/miklostv.com\\\/new\\\/2020\\\/06\\\/11\\\/hazhoz-mentek-torokszentmikloson\\\/\"},\"wordCount\":535,\"commentCount\":0,\"image\":{\"@id\":\"https:\\\/\\\/miklostv.com\\\/new\\\/2020\\\/06\\\/11\\\/hazhoz-mentek-torokszentmikloson\\\/#primaryimage\"},\"thumbnailUrl\":\"https:\\\/\\\/miklostv.com\\\/new\\\/wp-content\\\/uploads\\\/2020\\\/06\\\/Tszm.jpg\",\"articleSection\":[\"A l\u00e9nyeg r\u00f6viden\"],\"inLanguage\":\"hu\"},{\"@type\":\"WebPage\",\"@id\":\"https:\\\/\\\/miklostv.com\\\/new\\\/2020\\\/06\\\/11\\\/hazhoz-mentek-torokszentmikloson\\\/\",\"url\":\"https:\\\/\\\/miklostv.com\\\/new\\\/2020\\\/06\\\/11\\\/hazhoz-mentek-torokszentmikloson\\\/\",\"name\":\"H\u00c1ZHOZ MENTEK T\u00d6R\u00d6KSZENTMIKL\u00d3SON - Mikl\u00f3s TV\",\"isPartOf\":{\"@id\":\"https:\\\/\\\/miklostv.com\\\/new\\\/#website\"},\"primaryImageOfPage\":{\"@id\":\"https:\\\/\\\/miklostv.com\\\/new\\\/2020\\\/06\\\/11\\\/hazhoz-mentek-torokszentmikloson\\\/#primaryimage\"},\"image\":{\"@id\":\"https:\\\/\\\/miklostv.com\\\/new\\\/2020\\\/06\\\/11\\\/hazhoz-mentek-torokszentmikloson\\\/#primaryimage\"},\"thumbnailUrl\":\"https:\\\/\\\/miklostv.com\\\/new\\\/wp-content\\\/uploads\\\/2020\\\/06\\\/Tszm.jpg\",\"datePublished\":\"2020-06-11T09:17:40+00:00\",\"author\":{\"@id\":\"https:\\\/\\\/miklostv.com\\\/new\\\/#\\\/schema\\\/person\\\/6339cdd0bbd336ec6345812e3958be3b\"},\"breadcrumb\":{\"@id\":\"https:\\\/\\\/miklostv.com\\\/new\\\/2020\\\/06\\\/11\\\/hazhoz-mentek-torokszentmikloson\\\/#breadcrumb\"},\"inLanguage\":\"hu\",\"potentialAction\":[{\"@type\":\"ReadAction\",\"target\":[\"https:\\\/\\\/miklostv.com\\\/new\\\/2020\\\/06\\\/11\\\/hazhoz-mentek-torokszentmikloson\\\/\"]}]},{\"@type\":\"ImageObject\",\"inLanguage\":\"hu\",\"@id\":\"https:\\\/\\\/miklostv.com\\\/new\\\/2020\\\/06\\\/11\\\/hazhoz-mentek-torokszentmikloson\\\/#primaryimage\",\"url\":\"https:\\\/\\\/miklostv.com\\\/new\\\/wp-content\\\/uploads\\\/2020\\\/06\\\/Tszm.jpg\",\"contentUrl\":\"https:\\\/\\\/miklostv.com\\\/new\\\/wp-content\\\/uploads\\\/2020\\\/06\\\/Tszm.jpg\",\"width\":376,\"height\":250,\"caption\":\"Tszm.jpg\"},{\"@type\":\"BreadcrumbList\",\"@id\":\"https:\\\/\\\/miklostv.com\\\/new\\\/2020\\\/06\\\/11\\\/hazhoz-mentek-torokszentmikloson\\\/#breadcrumb\",\"itemListElement\":[{\"@type\":\"ListItem\",\"position\":1,\"name\":\"Kezd\u0151lap\",\"item\":\"https:\\\/\\\/miklostv.com\\\/new\\\/\"},{\"@type\":\"ListItem\",\"position\":2,\"name\":\"H\u00c1ZHOZ MENTEK T\u00d6R\u00d6KSZENTMIKL\u00d3SON\"}]},{\"@type\":\"WebSite\",\"@id\":\"https:\\\/\\\/miklostv.com\\\/new\\\/#website\",\"url\":\"https:\\\/\\\/miklostv.com\\\/new\\\/\",\"name\":\"Mikl\u00f3s TV\",\"description\":\"Mikl\u00f3s TV\",\"potentialAction\":[{\"@type\":\"SearchAction\",\"target\":{\"@type\":\"EntryPoint\",\"urlTemplate\":\"https:\\\/\\\/miklostv.com\\\/new\\\/?s={search_term_string}\"},\"query-input\":{\"@type\":\"PropertyValueSpecification\",\"valueRequired\":true,\"valueName\":\"search_term_string\"}}],\"inLanguage\":\"hu\"},{\"@type\":\"Person\",\"@id\":\"https:\\\/\\\/miklostv.com\\\/new\\\/#\\\/schema\\\/person\\\/6339cdd0bbd336ec6345812e3958be3b\",\"name\":\"S\u00e1ndor\",\"sameAs\":[\"https:\\\/\\\/miklostv.com\\\/new\"],\"url\":\"https:\\\/\\\/miklostv.com\\\/new\\\/author\\\/sanyi\\\/\"}]}<\/script>\n<!-- \/ Yoast SEO plugin. -->","yoast_head_json":{"title":"H\u00c1ZHOZ MENTEK T\u00d6R\u00d6KSZENTMIKL\u00d3SON - Mikl\u00f3s TV","robots":{"index":"index","follow":"follow","max-snippet":"max-snippet:-1","max-image-preview":"max-image-preview:large","max-video-preview":"max-video-preview:-1"},"canonical":"https:\/\/miklostv.com\/new\/2020\/06\/11\/hazhoz-mentek-torokszentmikloson\/","og_locale":"hu_HU","og_type":"article","og_title":"H\u00c1ZHOZ MENTEK T\u00d6R\u00d6KSZENTMIKL\u00d3SON - Mikl\u00f3s TV","og_description":"A v\u00e1rosban folytat\u00f3dtak a rend\u0151rs\u00e9g aktu\u00e1lis prevenci\u00f3s programjai. Az Orsz\u00e1gos Rend\u0151r-f\u0151kapit\u00e1nys\u00e1g 2015. \u0151sz\u00e9n \u201eH\u00e1zhoz megy\u00fcnk\u201d c\u00edmmel ind\u00edtott kamp\u00e1nyt haz\u00e1nk vagyonbiztons\u00e1g\u00e1nak er\u0151s\u00edt\u00e9se c\u00e9lj\u00e1b\u00f3l, a lakoss\u00e1g szubjekt\u00edv biztons\u00e1g\u00e9rzet\u00e9t legink\u00e1bb befoly\u00e1sol\u00f3 lop\u00e1s b\u0171ncselekm\u00e9nyek megel\u0151z\u00e9s\u00e9re. A program 2020. \u00e9vben is tov\u00e1bb folytat\u00f3dik. Az orsz\u00e1gos kamp\u00e1nysorozat f\u0151 c\u00e9lja, hogy az \u00e1llampolg\u00e1rokat haszn\u00e1lhat\u00f3 b\u0171nmegel\u0151z\u00e9si tan\u00e1csokkal l\u00e1ss\u00e1k el, ez\u00e1ltal n\u00f6velve szubjekt\u00edv biztons\u00e1g\u00e9rzet\u00fcket. A programban \u2013 az eddigiekhez hasonl\u00f3an \u2013 a rend\u0151rs\u00e9g mellett r\u00e9szt vesznek az \u00e9rintett \u00f6nkorm\u00e1nyzatok, a helyi polg\u00e1r\u0151rs\u00e9g, az Aegon Magyarorsz\u00e1g \u00c1ltal\u00e1nos Biztos\u00edt\u00f3 Zrt. \u00e9s a Szem\u00e9ly-, Vagyonv\u00e9delmi \u00e9s Mag\u00e1nnyomoz\u00f3i Szakmai Kamara ter\u00fcleti k\u00e9pvisel\u0151i, szakemberei.&hellip;","og_url":"https:\/\/miklostv.com\/new\/2020\/06\/11\/hazhoz-mentek-torokszentmikloson\/","og_site_name":"Mikl\u00f3s TV","article_published_time":"2020-06-11T09:17:40+00:00","og_image":[{"width":376,"height":250,"url":"https:\/\/miklostv.com\/new\/wp-content\/uploads\/2020\/06\/Tszm.jpg","type":"image\/jpeg"}],"author":"S\u00e1ndor","twitter_card":"summary_large_image","twitter_misc":{"Szerz\u0151:":"S\u00e1ndor","Becs\u00fclt olvas\u00e1si id\u0151":"3 perc"},"schema":{"@context":"https:\/\/schema.org","@graph":[{"@type":"NewsArticle","@id":"https:\/\/miklostv.com\/new\/2020\/06\/11\/hazhoz-mentek-torokszentmikloson\/#article","isPartOf":{"@id":"https:\/\/miklostv.com\/new\/2020\/06\/11\/hazhoz-mentek-torokszentmikloson\/"},"author":{"name":"S\u00e1ndor","@id":"https:\/\/miklostv.com\/new\/#\/schema\/person\/6339cdd0bbd336ec6345812e3958be3b"},"headline":"H\u00c1ZHOZ MENTEK T\u00d6R\u00d6KSZENTMIKL\u00d3SON","datePublished":"2020-06-11T09:17:40+00:00","mainEntityOfPage":{"@id":"https:\/\/miklostv.com\/new\/2020\/06\/11\/hazhoz-mentek-torokszentmikloson\/"},"wordCount":535,"commentCount":0,"image":{"@id":"https:\/\/miklostv.com\/new\/2020\/06\/11\/hazhoz-mentek-torokszentmikloson\/#primaryimage"},"thumbnailUrl":"https:\/\/miklostv.com\/new\/wp-content\/uploads\/2020\/06\/Tszm.jpg","articleSection":["A l\u00e9nyeg r\u00f6viden"],"inLanguage":"hu"},{"@type":"WebPage","@id":"https:\/\/miklostv.com\/new\/2020\/06\/11\/hazhoz-mentek-torokszentmikloson\/","url":"https:\/\/miklostv.com\/new\/2020\/06\/11\/hazhoz-mentek-torokszentmikloson\/","name":"H\u00c1ZHOZ MENTEK T\u00d6R\u00d6KSZENTMIKL\u00d3SON - Mikl\u00f3s TV","isPartOf":{"@id":"https:\/\/miklostv.com\/new\/#website"},"primaryImageOfPage":{"@id":"https:\/\/miklostv.com\/new\/2020\/06\/11\/hazhoz-mentek-torokszentmikloson\/#primaryimage"},"image":{"@id":"https:\/\/miklostv.com\/new\/2020\/06\/11\/hazhoz-mentek-torokszentmikloson\/#primaryimage"},"thumbnailUrl":"https:\/\/miklostv.com\/new\/wp-content\/uploads\/2020\/06\/Tszm.jpg","datePublished":"2020-06-11T09:17:40+00:00","author":{"@id":"https:\/\/miklostv.com\/new\/#\/schema\/person\/6339cdd0bbd336ec6345812e3958be3b"},"breadcrumb":{"@id":"https:\/\/miklostv.com\/new\/2020\/06\/11\/hazhoz-mentek-torokszentmikloson\/#breadcrumb"},"inLanguage":"hu","potentialAction":[{"@type":"ReadAction","target":["https:\/\/miklostv.com\/new\/2020\/06\/11\/hazhoz-mentek-torokszentmikloson\/"]}]},{"@type":"ImageObject","inLanguage":"hu","@id":"https:\/\/miklostv.com\/new\/2020\/06\/11\/hazhoz-mentek-torokszentmikloson\/#primaryimage","url":"https:\/\/miklostv.com\/new\/wp-content\/uploads\/2020\/06\/Tszm.jpg","contentUrl":"https:\/\/miklostv.com\/new\/wp-content\/uploads\/2020\/06\/Tszm.jpg","width":376,"height":250,"caption":"Tszm.jpg"},{"@type":"BreadcrumbList","@id":"https:\/\/miklostv.com\/new\/2020\/06\/11\/hazhoz-mentek-torokszentmikloson\/#breadcrumb","itemListElement":[{"@type":"ListItem","position":1,"name":"Kezd\u0151lap","item":"https:\/\/miklostv.com\/new\/"},{"@type":"ListItem","position":2,"name":"H\u00c1ZHOZ MENTEK T\u00d6R\u00d6KSZENTMIKL\u00d3SON"}]},{"@type":"WebSite","@id":"https:\/\/miklostv.com\/new\/#website","url":"https:\/\/miklostv.com\/new\/","name":"Mikl\u00f3s TV","description":"Mikl\u00f3s TV","potentialAction":[{"@type":"SearchAction","target":{"@type":"EntryPoint","urlTemplate":"https:\/\/miklostv.com\/new\/?s={search_term_string}"},"query-input":{"@type":"PropertyValueSpecification","valueRequired":true,"valueName":"search_term_string"}}],"inLanguage":"hu"},{"@type":"Person","@id":"https:\/\/miklostv.com\/new\/#\/schema\/person\/6339cdd0bbd336ec6345812e3958be3b","name":"S\u00e1ndor","sameAs":["https:\/\/miklostv.com\/new"],"url":"https:\/\/miklostv.com\/new\/author\/sanyi\/"}]}},"_links":{"self":[{"href":"https:\/\/miklostv.com\/new\/wp-json\/wp\/v2\/posts\/4280","targetHints":{"allow":["GET"]}}],"collection":[{"href":"https:\/\/miklostv.com\/new\/wp-json\/wp\/v2\/posts"}],"about":[{"href":"https:\/\/miklostv.com\/new\/wp-json\/wp\/v2\/types\/post"}],"author":[{"embeddable":true,"href":"https:\/\/miklostv.com\/new\/wp-json\/wp\/v2\/users\/1"}],"replies":[{"embeddable":true,"href":"https:\/\/miklostv.com\/new\/wp-json\/wp\/v2\/comments?post=4280"}],"version-history":[{"count":0,"href":"https:\/\/miklostv.com\/new\/wp-json\/wp\/v2\/posts\/4280\/revisions"}],"wp:featuredmedia":[{"embeddable":true,"href":"https:\/\/miklostv.com\/new\/wp-json\/wp\/v2\/media\/4277"}],"wp:attachment":[{"href":"https:\/\/miklostv.com\/new\/wp-json\/wp\/v2\/media?parent=4280"}],"wp:term":[{"taxonomy":"category","embeddable":true,"href":"https:\/\/miklostv.com\/new\/wp-json\/wp\/v2\/categories?post=4280"},{"taxonomy":"post_tag","embeddable":true,"href":"https:\/\/miklostv.com\/new\/wp-json\/wp\/v2\/tags?post=4280"}],"curies":[{"name":"wp","href":"https:\/\/api.w.org\/{rel}","templated":true}]}}