{"id":3703,"date":"2019-03-30T10:11:47","date_gmt":"2019-03-30T10:11:47","guid":{"rendered":"https:\/\/miklostv.com\/new\/2019\/03\/30\/vasarnap-kezdodik-a-teli-idoszamitas\/"},"modified":"2019-03-30T10:11:47","modified_gmt":"2019-03-30T10:11:47","slug":"vasarnap-kezdodik-a-teli-idoszamitas","status":"publish","type":"post","link":"https:\/\/miklostv.com\/new\/2019\/03\/30\/vasarnap-kezdodik-a-teli-idoszamitas\/","title":{"rendered":"VAS\u00c1RNAP KEZD\u0150DIK A T\u00c9LI ID\u0150SZ\u00c1M\u00cdT\u00c1S"},"content":{"rendered":"<p><span style=\"font-size: 12pt;\"><strong>2019. okt\u00f3ber 27-\u00e9n kezd\u0151dik a t\u00e9li id\u0151sz\u00e1m\u00edt\u00e1s.<br \/><\/strong><\/span><\/p>\n<div>Vas\u00e1rnap hajnalban&nbsp;3 \u00f3rakor kell \u00e1ttekern\u00fcnk az \u00f3r\u00e1t 2-re (csak az \u00e1t\u00e1ll\u00edt\u00e1s miatt nem \u00e9rdemes hajnalozni, az \u00e1tteker\u00e9s reggel is kivitelezhet\u0151), \u00edgy&nbsp;okt\u00f3ber utols\u00f3 vas\u00e1rnapja 1 \u00f3r\u00e1val hosszabb lesz.&nbsp;<\/div>\n<div>&nbsp;<\/div>\n<div>A t\u00e9li\/ny\u00e1ri id\u0151sz\u00e1m\u00edt\u00e1shoz kapcsol\u00f3d\u00f3 \u00f3ra\u00e1t\u00e1ll\u00edt\u00e1st az Eur\u00f3pai Parlament d\u00f6nt\u00e9se \u00e9rtelm\u00e9ben 2021-t\u0151l elt\u00f6rlik.<\/div>\n","protected":false},"excerpt":{"rendered":"<p>2019. okt\u00f3ber 27-\u00e9n kezd\u0151dik a t\u00e9li id\u0151sz\u00e1m\u00edt\u00e1s. Vas\u00e1rnap hajnalban&nbsp;3 \u00f3rakor kell \u00e1ttekern\u00fcnk az \u00f3r\u00e1t 2-re (csak az \u00e1t\u00e1ll\u00edt\u00e1s miatt nem \u00e9rdemes hajnalozni, az \u00e1tteker\u00e9s reggel is kivitelezhet\u0151), \u00edgy&nbsp;okt\u00f3ber utols\u00f3 vas\u00e1rnapja 1 \u00f3r\u00e1val hosszabb lesz.&nbsp; &nbsp; A t\u00e9li\/ny\u00e1ri id\u0151sz\u00e1m\u00edt\u00e1shoz kapcsol\u00f3d\u00f3 \u00f3ra\u00e1t\u00e1ll\u00edt\u00e1st az Eur\u00f3pai Parlament d\u00f6nt\u00e9se \u00e9rtelm\u00e9ben 2021-t\u0151l elt\u00f6rlik.<\/p>\n","protected":false},"author":1,"featured_media":3176,"comment_status":"open","ping_status":"open","sticky":false,"template":"","format":"standard","meta":{"fifu_image_url":"","fifu_image_alt":"","footnotes":""},"categories":[32],"tags":[],"class_list":["post-3703","post","type-post","status-publish","format-standard","has-post-thumbnail","hentry","category-hirek2"],"gutentor_comment":0,"yoast_head":"<!-- This site is optimized with the Yoast SEO plugin v27.4 - https:\/\/yoast.com\/product\/yoast-seo-wordpress\/ -->\n<title>VAS\u00c1RNAP KEZD\u0150DIK A T\u00c9LI ID\u0150SZ\u00c1M\u00cdT\u00c1S - Mikl\u00f3s TV<\/title>\n<meta name=\"robots\" content=\"index, follow, max-snippet:-1, max-image-preview:large, max-video-preview:-1\" \/>\n<link rel=\"canonical\" href=\"https:\/\/miklostv.com\/new\/2019\/03\/30\/vasarnap-kezdodik-a-teli-idoszamitas\/\" \/>\n<meta property=\"og:locale\" content=\"hu_HU\" \/>\n<meta property=\"og:type\" content=\"article\" \/>\n<meta property=\"og:title\" content=\"VAS\u00c1RNAP KEZD\u0150DIK A T\u00c9LI ID\u0150SZ\u00c1M\u00cdT\u00c1S - Mikl\u00f3s TV\" \/>\n<meta property=\"og:description\" content=\"2019. okt\u00f3ber 27-\u00e9n kezd\u0151dik a t\u00e9li id\u0151sz\u00e1m\u00edt\u00e1s. Vas\u00e1rnap hajnalban&nbsp;3 \u00f3rakor kell \u00e1ttekern\u00fcnk az \u00f3r\u00e1t 2-re (csak az \u00e1t\u00e1ll\u00edt\u00e1s miatt nem \u00e9rdemes hajnalozni, az \u00e1tteker\u00e9s reggel is kivitelezhet\u0151), \u00edgy&nbsp;okt\u00f3ber utols\u00f3 vas\u00e1rnapja 1 \u00f3r\u00e1val hosszabb lesz.&nbsp; &nbsp; A t\u00e9li\/ny\u00e1ri id\u0151sz\u00e1m\u00edt\u00e1shoz kapcsol\u00f3d\u00f3 \u00f3ra\u00e1t\u00e1ll\u00edt\u00e1st az Eur\u00f3pai Parlament d\u00f6nt\u00e9se \u00e9rtelm\u00e9ben 2021-t\u0151l elt\u00f6rlik.\" \/>\n<meta property=\"og:url\" content=\"https:\/\/miklostv.com\/new\/2019\/03\/30\/vasarnap-kezdodik-a-teli-idoszamitas\/\" \/>\n<meta property=\"og:site_name\" content=\"Mikl\u00f3s TV\" \/>\n<meta property=\"article:published_time\" content=\"2019-03-30T10:11:47+00:00\" \/>\n<meta property=\"og:image\" content=\"https:\/\/miklostv.com\/new\/wp-content\/uploads\/2019\/03\/raatallitas_2019.jpg\" \/>\n\t<meta property=\"og:image:width\" content=\"1024\" \/>\n\t<meta property=\"og:image:height\" content=\"536\" \/>\n\t<meta property=\"og:image:type\" content=\"image\/jpeg\" \/>\n<meta name=\"author\" content=\"S\u00e1ndor\" \/>\n<meta name=\"twitter:card\" content=\"summary_large_image\" \/>\n<meta name=\"twitter:label1\" content=\"Szerz\u0151:\" \/>\n\t<meta name=\"twitter:data1\" content=\"S\u00e1ndor\" \/>\n<script type=\"application\/ld+json\" class=\"yoast-schema-graph\">{\"@context\":\"https:\\\/\\\/schema.org\",\"@graph\":[{\"@type\":\"NewsArticle\",\"@id\":\"https:\\\/\\\/miklostv.com\\\/new\\\/2019\\\/03\\\/30\\\/vasarnap-kezdodik-a-teli-idoszamitas\\\/#article\",\"isPartOf\":{\"@id\":\"https:\\\/\\\/miklostv.com\\\/new\\\/2019\\\/03\\\/30\\\/vasarnap-kezdodik-a-teli-idoszamitas\\\/\"},\"author\":{\"name\":\"S\u00e1ndor\",\"@id\":\"https:\\\/\\\/miklostv.com\\\/new\\\/#\\\/schema\\\/person\\\/6339cdd0bbd336ec6345812e3958be3b\"},\"headline\":\"VAS\u00c1RNAP KEZD\u0150DIK A T\u00c9LI ID\u0150SZ\u00c1M\u00cdT\u00c1S\",\"datePublished\":\"2019-03-30T10:11:47+00:00\",\"mainEntityOfPage\":{\"@id\":\"https:\\\/\\\/miklostv.com\\\/new\\\/2019\\\/03\\\/30\\\/vasarnap-kezdodik-a-teli-idoszamitas\\\/\"},\"wordCount\":97,\"commentCount\":0,\"image\":{\"@id\":\"https:\\\/\\\/miklostv.com\\\/new\\\/2019\\\/03\\\/30\\\/vasarnap-kezdodik-a-teli-idoszamitas\\\/#primaryimage\"},\"thumbnailUrl\":\"https:\\\/\\\/miklostv.com\\\/new\\\/wp-content\\\/uploads\\\/2019\\\/03\\\/raatallitas_2019.jpg\",\"articleSection\":[\"A l\u00e9nyeg r\u00f6viden\"],\"inLanguage\":\"hu\"},{\"@type\":\"WebPage\",\"@id\":\"https:\\\/\\\/miklostv.com\\\/new\\\/2019\\\/03\\\/30\\\/vasarnap-kezdodik-a-teli-idoszamitas\\\/\",\"url\":\"https:\\\/\\\/miklostv.com\\\/new\\\/2019\\\/03\\\/30\\\/vasarnap-kezdodik-a-teli-idoszamitas\\\/\",\"name\":\"VAS\u00c1RNAP KEZD\u0150DIK A T\u00c9LI ID\u0150SZ\u00c1M\u00cdT\u00c1S - Mikl\u00f3s TV\",\"isPartOf\":{\"@id\":\"https:\\\/\\\/miklostv.com\\\/new\\\/#website\"},\"primaryImageOfPage\":{\"@id\":\"https:\\\/\\\/miklostv.com\\\/new\\\/2019\\\/03\\\/30\\\/vasarnap-kezdodik-a-teli-idoszamitas\\\/#primaryimage\"},\"image\":{\"@id\":\"https:\\\/\\\/miklostv.com\\\/new\\\/2019\\\/03\\\/30\\\/vasarnap-kezdodik-a-teli-idoszamitas\\\/#primaryimage\"},\"thumbnailUrl\":\"https:\\\/\\\/miklostv.com\\\/new\\\/wp-content\\\/uploads\\\/2019\\\/03\\\/raatallitas_2019.jpg\",\"datePublished\":\"2019-03-30T10:11:47+00:00\",\"author\":{\"@id\":\"https:\\\/\\\/miklostv.com\\\/new\\\/#\\\/schema\\\/person\\\/6339cdd0bbd336ec6345812e3958be3b\"},\"breadcrumb\":{\"@id\":\"https:\\\/\\\/miklostv.com\\\/new\\\/2019\\\/03\\\/30\\\/vasarnap-kezdodik-a-teli-idoszamitas\\\/#breadcrumb\"},\"inLanguage\":\"hu\",\"potentialAction\":[{\"@type\":\"ReadAction\",\"target\":[\"https:\\\/\\\/miklostv.com\\\/new\\\/2019\\\/03\\\/30\\\/vasarnap-kezdodik-a-teli-idoszamitas\\\/\"]}]},{\"@type\":\"ImageObject\",\"inLanguage\":\"hu\",\"@id\":\"https:\\\/\\\/miklostv.com\\\/new\\\/2019\\\/03\\\/30\\\/vasarnap-kezdodik-a-teli-idoszamitas\\\/#primaryimage\",\"url\":\"https:\\\/\\\/miklostv.com\\\/new\\\/wp-content\\\/uploads\\\/2019\\\/03\\\/raatallitas_2019.jpg\",\"contentUrl\":\"https:\\\/\\\/miklostv.com\\\/new\\\/wp-content\\\/uploads\\\/2019\\\/03\\\/raatallitas_2019.jpg\",\"width\":1024,\"height\":536,\"caption\":\"\u00f3ra\u00e1t\u00e1ll\u00edt\u00e1s 2019\"},{\"@type\":\"BreadcrumbList\",\"@id\":\"https:\\\/\\\/miklostv.com\\\/new\\\/2019\\\/03\\\/30\\\/vasarnap-kezdodik-a-teli-idoszamitas\\\/#breadcrumb\",\"itemListElement\":[{\"@type\":\"ListItem\",\"position\":1,\"name\":\"Kezd\u0151lap\",\"item\":\"https:\\\/\\\/miklostv.com\\\/new\\\/\"},{\"@type\":\"ListItem\",\"position\":2,\"name\":\"VAS\u00c1RNAP KEZD\u0150DIK A T\u00c9LI ID\u0150SZ\u00c1M\u00cdT\u00c1S\"}]},{\"@type\":\"WebSite\",\"@id\":\"https:\\\/\\\/miklostv.com\\\/new\\\/#website\",\"url\":\"https:\\\/\\\/miklostv.com\\\/new\\\/\",\"name\":\"Mikl\u00f3s TV\",\"description\":\"Mikl\u00f3s TV\",\"potentialAction\":[{\"@type\":\"SearchAction\",\"target\":{\"@type\":\"EntryPoint\",\"urlTemplate\":\"https:\\\/\\\/miklostv.com\\\/new\\\/?s={search_term_string}\"},\"query-input\":{\"@type\":\"PropertyValueSpecification\",\"valueRequired\":true,\"valueName\":\"search_term_string\"}}],\"inLanguage\":\"hu\"},{\"@type\":\"Person\",\"@id\":\"https:\\\/\\\/miklostv.com\\\/new\\\/#\\\/schema\\\/person\\\/6339cdd0bbd336ec6345812e3958be3b\",\"name\":\"S\u00e1ndor\",\"sameAs\":[\"https:\\\/\\\/miklostv.com\\\/new\"],\"url\":\"https:\\\/\\\/miklostv.com\\\/new\\\/author\\\/sanyi\\\/\"}]}<\/script>\n<!-- \/ Yoast SEO plugin. -->","yoast_head_json":{"title":"VAS\u00c1RNAP KEZD\u0150DIK A T\u00c9LI ID\u0150SZ\u00c1M\u00cdT\u00c1S - Mikl\u00f3s TV","robots":{"index":"index","follow":"follow","max-snippet":"max-snippet:-1","max-image-preview":"max-image-preview:large","max-video-preview":"max-video-preview:-1"},"canonical":"https:\/\/miklostv.com\/new\/2019\/03\/30\/vasarnap-kezdodik-a-teli-idoszamitas\/","og_locale":"hu_HU","og_type":"article","og_title":"VAS\u00c1RNAP KEZD\u0150DIK A T\u00c9LI ID\u0150SZ\u00c1M\u00cdT\u00c1S - Mikl\u00f3s TV","og_description":"2019. okt\u00f3ber 27-\u00e9n kezd\u0151dik a t\u00e9li id\u0151sz\u00e1m\u00edt\u00e1s. Vas\u00e1rnap hajnalban&nbsp;3 \u00f3rakor kell \u00e1ttekern\u00fcnk az \u00f3r\u00e1t 2-re (csak az \u00e1t\u00e1ll\u00edt\u00e1s miatt nem \u00e9rdemes hajnalozni, az \u00e1tteker\u00e9s reggel is kivitelezhet\u0151), \u00edgy&nbsp;okt\u00f3ber utols\u00f3 vas\u00e1rnapja 1 \u00f3r\u00e1val hosszabb lesz.&nbsp; &nbsp; A t\u00e9li\/ny\u00e1ri id\u0151sz\u00e1m\u00edt\u00e1shoz kapcsol\u00f3d\u00f3 \u00f3ra\u00e1t\u00e1ll\u00edt\u00e1st az Eur\u00f3pai Parlament d\u00f6nt\u00e9se \u00e9rtelm\u00e9ben 2021-t\u0151l elt\u00f6rlik.","og_url":"https:\/\/miklostv.com\/new\/2019\/03\/30\/vasarnap-kezdodik-a-teli-idoszamitas\/","og_site_name":"Mikl\u00f3s TV","article_published_time":"2019-03-30T10:11:47+00:00","og_image":[{"width":1024,"height":536,"url":"https:\/\/miklostv.com\/new\/wp-content\/uploads\/2019\/03\/raatallitas_2019.jpg","type":"image\/jpeg"}],"author":"S\u00e1ndor","twitter_card":"summary_large_image","twitter_misc":{"Szerz\u0151:":"S\u00e1ndor"},"schema":{"@context":"https:\/\/schema.org","@graph":[{"@type":"NewsArticle","@id":"https:\/\/miklostv.com\/new\/2019\/03\/30\/vasarnap-kezdodik-a-teli-idoszamitas\/#article","isPartOf":{"@id":"https:\/\/miklostv.com\/new\/2019\/03\/30\/vasarnap-kezdodik-a-teli-idoszamitas\/"},"author":{"name":"S\u00e1ndor","@id":"https:\/\/miklostv.com\/new\/#\/schema\/person\/6339cdd0bbd336ec6345812e3958be3b"},"headline":"VAS\u00c1RNAP KEZD\u0150DIK A T\u00c9LI ID\u0150SZ\u00c1M\u00cdT\u00c1S","datePublished":"2019-03-30T10:11:47+00:00","mainEntityOfPage":{"@id":"https:\/\/miklostv.com\/new\/2019\/03\/30\/vasarnap-kezdodik-a-teli-idoszamitas\/"},"wordCount":97,"commentCount":0,"image":{"@id":"https:\/\/miklostv.com\/new\/2019\/03\/30\/vasarnap-kezdodik-a-teli-idoszamitas\/#primaryimage"},"thumbnailUrl":"https:\/\/miklostv.com\/new\/wp-content\/uploads\/2019\/03\/raatallitas_2019.jpg","articleSection":["A l\u00e9nyeg r\u00f6viden"],"inLanguage":"hu"},{"@type":"WebPage","@id":"https:\/\/miklostv.com\/new\/2019\/03\/30\/vasarnap-kezdodik-a-teli-idoszamitas\/","url":"https:\/\/miklostv.com\/new\/2019\/03\/30\/vasarnap-kezdodik-a-teli-idoszamitas\/","name":"VAS\u00c1RNAP KEZD\u0150DIK A T\u00c9LI ID\u0150SZ\u00c1M\u00cdT\u00c1S - Mikl\u00f3s TV","isPartOf":{"@id":"https:\/\/miklostv.com\/new\/#website"},"primaryImageOfPage":{"@id":"https:\/\/miklostv.com\/new\/2019\/03\/30\/vasarnap-kezdodik-a-teli-idoszamitas\/#primaryimage"},"image":{"@id":"https:\/\/miklostv.com\/new\/2019\/03\/30\/vasarnap-kezdodik-a-teli-idoszamitas\/#primaryimage"},"thumbnailUrl":"https:\/\/miklostv.com\/new\/wp-content\/uploads\/2019\/03\/raatallitas_2019.jpg","datePublished":"2019-03-30T10:11:47+00:00","author":{"@id":"https:\/\/miklostv.com\/new\/#\/schema\/person\/6339cdd0bbd336ec6345812e3958be3b"},"breadcrumb":{"@id":"https:\/\/miklostv.com\/new\/2019\/03\/30\/vasarnap-kezdodik-a-teli-idoszamitas\/#breadcrumb"},"inLanguage":"hu","potentialAction":[{"@type":"ReadAction","target":["https:\/\/miklostv.com\/new\/2019\/03\/30\/vasarnap-kezdodik-a-teli-idoszamitas\/"]}]},{"@type":"ImageObject","inLanguage":"hu","@id":"https:\/\/miklostv.com\/new\/2019\/03\/30\/vasarnap-kezdodik-a-teli-idoszamitas\/#primaryimage","url":"https:\/\/miklostv.com\/new\/wp-content\/uploads\/2019\/03\/raatallitas_2019.jpg","contentUrl":"https:\/\/miklostv.com\/new\/wp-content\/uploads\/2019\/03\/raatallitas_2019.jpg","width":1024,"height":536,"caption":"\u00f3ra\u00e1t\u00e1ll\u00edt\u00e1s 2019"},{"@type":"BreadcrumbList","@id":"https:\/\/miklostv.com\/new\/2019\/03\/30\/vasarnap-kezdodik-a-teli-idoszamitas\/#breadcrumb","itemListElement":[{"@type":"ListItem","position":1,"name":"Kezd\u0151lap","item":"https:\/\/miklostv.com\/new\/"},{"@type":"ListItem","position":2,"name":"VAS\u00c1RNAP KEZD\u0150DIK A T\u00c9LI ID\u0150SZ\u00c1M\u00cdT\u00c1S"}]},{"@type":"WebSite","@id":"https:\/\/miklostv.com\/new\/#website","url":"https:\/\/miklostv.com\/new\/","name":"Mikl\u00f3s TV","description":"Mikl\u00f3s TV","potentialAction":[{"@type":"SearchAction","target":{"@type":"EntryPoint","urlTemplate":"https:\/\/miklostv.com\/new\/?s={search_term_string}"},"query-input":{"@type":"PropertyValueSpecification","valueRequired":true,"valueName":"search_term_string"}}],"inLanguage":"hu"},{"@type":"Person","@id":"https:\/\/miklostv.com\/new\/#\/schema\/person\/6339cdd0bbd336ec6345812e3958be3b","name":"S\u00e1ndor","sameAs":["https:\/\/miklostv.com\/new"],"url":"https:\/\/miklostv.com\/new\/author\/sanyi\/"}]}},"_links":{"self":[{"href":"https:\/\/miklostv.com\/new\/wp-json\/wp\/v2\/posts\/3703","targetHints":{"allow":["GET"]}}],"collection":[{"href":"https:\/\/miklostv.com\/new\/wp-json\/wp\/v2\/posts"}],"about":[{"href":"https:\/\/miklostv.com\/new\/wp-json\/wp\/v2\/types\/post"}],"author":[{"embeddable":true,"href":"https:\/\/miklostv.com\/new\/wp-json\/wp\/v2\/users\/1"}],"replies":[{"embeddable":true,"href":"https:\/\/miklostv.com\/new\/wp-json\/wp\/v2\/comments?post=3703"}],"version-history":[{"count":0,"href":"https:\/\/miklostv.com\/new\/wp-json\/wp\/v2\/posts\/3703\/revisions"}],"wp:featuredmedia":[{"embeddable":true,"href":"https:\/\/miklostv.com\/new\/wp-json\/wp\/v2\/media\/3176"}],"wp:attachment":[{"href":"https:\/\/miklostv.com\/new\/wp-json\/wp\/v2\/media?parent=3703"}],"wp:term":[{"taxonomy":"category","embeddable":true,"href":"https:\/\/miklostv.com\/new\/wp-json\/wp\/v2\/categories?post=3703"},{"taxonomy":"post_tag","embeddable":true,"href":"https:\/\/miklostv.com\/new\/wp-json\/wp\/v2\/tags?post=3703"}],"curies":[{"name":"wp","href":"https:\/\/api.w.org\/{rel}","templated":true}]}}