{"id":3651,"date":"2020-09-08T14:15:02","date_gmt":"2020-09-08T14:15:02","guid":{"rendered":"https:\/\/miklostv.com\/new\/2020\/09\/08\/lomtalanitas-2020\/"},"modified":"2023-02-08T16:47:05","modified_gmt":"2023-02-08T16:47:05","slug":"lomtalanitas-2020","status":"publish","type":"post","link":"https:\/\/miklostv.com\/new\/2020\/09\/08\/lomtalanitas-2020\/","title":{"rendered":"LOMTALAN\u00cdT\u00c1S 2020"},"content":{"rendered":"<div><span style=\"font-size: 12pt;\"><span style=\"font-size: 12pt;\"><strong>A T\u00f6r\u00f6kszentmikl\u00f3si Kommun\u00e1lis Szolg\u00e1ltat\u00f3 Nonprofit Kft. lomtalan\u00edt\u00e1st v\u00e9gez 2020. szeptember 28-t\u00f3l okt\u00f3ber 5-ig.<\/strong><\/span><\/span><\/div>\n<div><\/div>\n<div>T\u00f6r\u00f6kszentmikl\u00f3s belter\u00fclet\u00e9n a lomtalan\u00edt\u00e1s \u00fcteme megegyezik a kuk\u00e1s hullad\u00e9ksz\u00e1ll\u00edt\u00e1s j\u00e1ratrendj\u00e9vel\u00a0<strong>Surj\u00e1ny, \u00d3balla, Szak\u00e1llas<\/strong> lomtalan\u00edt\u00e1s\u00e1t is a j\u00e1ratnapon v\u00e9gzik.<\/div>\n<div>A <strong>lak\u00f3telepek<\/strong> \u00e9s a<strong> kont\u00e9nerrel rendelkez\u0151 t\u00e1rsash\u00e1zak<\/strong> lomtalan\u00edt\u00e1s\u00e1ra s<strong>zeptember 28-\u00e1n, H\u00c9TF\u0150N<\/strong> ker\u00fcl sor.<\/div>\n<div>K\u00e9rik\u00a0a Tisztelt Lakoss\u00e1got, hogy a j\u00e1ratos napokon a saj\u00e1t ingatlan el\u00e9 sz\u00edveskedjenek kirakni a <strong>nagyobb m\u00e9ret\u0171 t\u00e1rgyakat (lomokat, b\u00fatorokat)<\/strong>. A lak\u00f3telepeken a kihelyezett kont\u00e9nerek mell\u00e9 k\u00e9rik elhelyezni az elsz\u00e1ll\u00edt\u00e1sra sz\u00e1nt lomokat.<\/p>\n<p>A lomtalan\u00edt\u00e1s naponta, <strong>reggel 7 \u00f3rakor kezd\u0151dik<\/strong>, ennek megfelel\u0151en ezen id\u0151pontig k\u00e9rik a lomok \u00e9s a hullad\u00e9ksz\u00e1ll\u00edt\u00f3 ed\u00e9nyek kihelyez\u00e9s\u00e9t is.<\/p>\n<p>Tisztelettel felh\u00edvjuk a lakoss\u00e1g figyelm\u00e9t arra, hogy a rendeletben is le\u00edrt, nem a kommun\u00e1lis hullad\u00e9k \u00e9s a nem lom hullad\u00e9k kateg\u00f3ri\u00e1ba tartoz\u00f3 anyagokat (pl.: tr\u00e1gya, akkumul\u00e1tor, \u00e9p\u00edt\u00e9si t\u00f6rmel\u00e9k, g\u00e9pj\u00e1rm\u0171gumi), valamint a z\u00f6ldhullad\u00e9kot lomtalan\u00edt\u00e1skor nem sz\u00e1ll\u00edtj\u00e1k el.<\/p>\n<\/div>\n<div><strong>Nem ker\u00fcl elsz\u00e1ll\u00edt\u00e1sra a vesz\u00e9lyes anyagokat tartalmaz\u00f3 elektromos hullad\u00e9k<\/strong> (telev\u00edzi\u00f3, h\u0171t\u0151szekr\u00e9ny, sz\u00e1m\u00edt\u00f3g\u00e9p monitor). A h\u00e1ztart\u00e1sokban keletkez\u0151 vesz\u00e9lyes hullad\u00e9kok \u00e1tv\u00e9tel\u00e9r\u0151l \u00e9rdekl\u0151djenek a T\u00f6r\u00f6kszentmikl\u00f3son \u00fczemel\u0151 Hullad\u00e9kudvarban, vagy a 20\/9316610 telefonsz\u00e1mon.<\/div>\n<div>K\u00fcl\u00f6n felh\u00edvj\u00e1k a v\u00e1llalkoz\u00f3k, k\u00f6z\u00fcletek figyelm\u00e9t, hogy <strong>a lomtalan\u00edt\u00e1s csak a lakoss\u00e1gi \u00fcgyfelekre vonatkozik<\/strong>! K\u00e9rikk a v\u00e1ros lakoss\u00e1g\u00e1t, hogy a fenti \u00fatmutat\u00e1s betart\u00e1s\u00e1val seg\u00edts\u00e9k a szolg\u00e1ltat\u00e1s elv\u00e9gz\u00e9s\u00e9t.<\/div>\n<div><\/div>\n<div>A lomtalan\u00edt\u00e1si napokon itt \u00e9rdekl\u0151dhet:<\/div>\n<div>\u00a0T\u00f6r\u00f6kszentmikl\u00f3si Kommun\u00e1lis Szolg\u00e1ltat\u00f3 Nonprofit Kft.<\/div>\n<div>\u00a05200 T\u00f6r\u00f6kszentmikl\u00f3s, Pusk\u00e1s Ferenc utca 12.<\/div>\n<div>\u00a056\/590-640\u00a0<a href=\"mailto:tmkom@tmkom.hu\">tmkom@tmkom.hu<\/a><\/div>\n","protected":false},"excerpt":{"rendered":"<p>A T\u00f6r\u00f6kszentmikl\u00f3si Kommun\u00e1lis Szolg\u00e1ltat\u00f3 Nonprofit Kft. lomtalan\u00edt\u00e1st v\u00e9gez 2020. szeptember 28-t\u00f3l okt\u00f3ber 5-ig. T\u00f6r\u00f6kszentmikl\u00f3s belter\u00fclet\u00e9n a lomtalan\u00edt\u00e1s \u00fcteme megegyezik a kuk\u00e1s hullad\u00e9ksz\u00e1ll\u00edt\u00e1s j\u00e1ratrendj\u00e9vel\u00a0Surj\u00e1ny, \u00d3balla, Szak\u00e1llas lomtalan\u00edt\u00e1s\u00e1t is a j\u00e1ratnapon v\u00e9gzik. A lak\u00f3telepek \u00e9s a kont\u00e9nerrel rendelkez\u0151 t\u00e1rsash\u00e1zak lomtalan\u00edt\u00e1s\u00e1ra szeptember 28-\u00e1n, H\u00c9TF\u0150N ker\u00fcl sor. K\u00e9rik\u00a0a Tisztelt Lakoss\u00e1got, hogy a j\u00e1ratos napokon a saj\u00e1t ingatlan el\u00e9 sz\u00edveskedjenek kirakni a nagyobb m\u00e9ret\u0171 t\u00e1rgyakat (lomokat, b\u00fatorokat). A lak\u00f3telepeken a kihelyezett kont\u00e9nerek mell\u00e9 k\u00e9rik elhelyezni az elsz\u00e1ll\u00edt\u00e1sra sz\u00e1nt lomokat. A lomtalan\u00edt\u00e1s naponta, reggel 7 \u00f3rakor kezd\u0151dik, ennek megfelel\u0151en ezen id\u0151pontig k\u00e9rik a lomok \u00e9s a&hellip;<\/p>\n","protected":false},"author":1,"featured_media":3650,"comment_status":"open","ping_status":"open","sticky":false,"template":"","format":"standard","meta":{"fifu_image_url":"","fifu_image_alt":"","footnotes":""},"categories":[47],"tags":[],"class_list":["post-3651","post","type-post","status-publish","format-standard","has-post-thumbnail","hentry","category-kozerdeku3"],"gutentor_comment":0,"yoast_head":"<!-- This site is optimized with the Yoast SEO plugin v27.5 - https:\/\/yoast.com\/product\/yoast-seo-wordpress\/ -->\n<title>LOMTALAN\u00cdT\u00c1S 2020 - Mikl\u00f3s TV<\/title>\n<meta name=\"robots\" content=\"index, follow, max-snippet:-1, max-image-preview:large, max-video-preview:-1\" \/>\n<link rel=\"canonical\" href=\"https:\/\/miklostv.com\/new\/2020\/09\/08\/lomtalanitas-2020\/\" \/>\n<meta property=\"og:locale\" content=\"hu_HU\" \/>\n<meta property=\"og:type\" content=\"article\" \/>\n<meta property=\"og:title\" content=\"LOMTALAN\u00cdT\u00c1S 2020 - Mikl\u00f3s TV\" \/>\n<meta property=\"og:description\" content=\"A T\u00f6r\u00f6kszentmikl\u00f3si Kommun\u00e1lis Szolg\u00e1ltat\u00f3 Nonprofit Kft. lomtalan\u00edt\u00e1st v\u00e9gez 2020. szeptember 28-t\u00f3l okt\u00f3ber 5-ig. T\u00f6r\u00f6kszentmikl\u00f3s belter\u00fclet\u00e9n a lomtalan\u00edt\u00e1s \u00fcteme megegyezik a kuk\u00e1s hullad\u00e9ksz\u00e1ll\u00edt\u00e1s j\u00e1ratrendj\u00e9vel\u00a0Surj\u00e1ny, \u00d3balla, Szak\u00e1llas lomtalan\u00edt\u00e1s\u00e1t is a j\u00e1ratnapon v\u00e9gzik. A lak\u00f3telepek \u00e9s a kont\u00e9nerrel rendelkez\u0151 t\u00e1rsash\u00e1zak lomtalan\u00edt\u00e1s\u00e1ra szeptember 28-\u00e1n, H\u00c9TF\u0150N ker\u00fcl sor. K\u00e9rik\u00a0a Tisztelt Lakoss\u00e1got, hogy a j\u00e1ratos napokon a saj\u00e1t ingatlan el\u00e9 sz\u00edveskedjenek kirakni a nagyobb m\u00e9ret\u0171 t\u00e1rgyakat (lomokat, b\u00fatorokat). A lak\u00f3telepeken a kihelyezett kont\u00e9nerek mell\u00e9 k\u00e9rik elhelyezni az elsz\u00e1ll\u00edt\u00e1sra sz\u00e1nt lomokat. A lomtalan\u00edt\u00e1s naponta, reggel 7 \u00f3rakor kezd\u0151dik, ennek megfelel\u0151en ezen id\u0151pontig k\u00e9rik a lomok \u00e9s a&hellip;\" \/>\n<meta property=\"og:url\" content=\"https:\/\/miklostv.com\/new\/2020\/09\/08\/lomtalanitas-2020\/\" \/>\n<meta property=\"og:site_name\" content=\"Mikl\u00f3s TV\" \/>\n<meta property=\"article:published_time\" content=\"2020-09-08T14:15:02+00:00\" \/>\n<meta property=\"article:modified_time\" content=\"2023-02-08T16:47:05+00:00\" \/>\n<meta property=\"og:image\" content=\"https:\/\/miklostv.com\/new\/wp-content\/uploads\/2020\/09\/lomtalanitaswebre.jpg\" \/>\n\t<meta property=\"og:image:width\" content=\"600\" \/>\n\t<meta property=\"og:image:height\" content=\"314\" \/>\n\t<meta property=\"og:image:type\" content=\"image\/jpeg\" \/>\n<meta name=\"author\" content=\"S\u00e1ndor\" \/>\n<meta name=\"twitter:card\" content=\"summary_large_image\" \/>\n<meta name=\"twitter:label1\" content=\"Szerz\u0151:\" \/>\n\t<meta name=\"twitter:data1\" content=\"S\u00e1ndor\" \/>\n\t<meta name=\"twitter:label2\" content=\"Becs\u00fclt olvas\u00e1si id\u0151\" \/>\n\t<meta name=\"twitter:data2\" content=\"2 perc\" \/>\n<script type=\"application\/ld+json\" class=\"yoast-schema-graph\">{\"@context\":\"https:\\\/\\\/schema.org\",\"@graph\":[{\"@type\":\"NewsArticle\",\"@id\":\"https:\\\/\\\/miklostv.com\\\/new\\\/2020\\\/09\\\/08\\\/lomtalanitas-2020\\\/#article\",\"isPartOf\":{\"@id\":\"https:\\\/\\\/miklostv.com\\\/new\\\/2020\\\/09\\\/08\\\/lomtalanitas-2020\\\/\"},\"author\":{\"name\":\"S\u00e1ndor\",\"@id\":\"https:\\\/\\\/miklostv.com\\\/new\\\/#\\\/schema\\\/person\\\/6339cdd0bbd336ec6345812e3958be3b\"},\"headline\":\"LOMTALAN\u00cdT\u00c1S 2020\",\"datePublished\":\"2020-09-08T14:15:02+00:00\",\"dateModified\":\"2023-02-08T16:47:05+00:00\",\"mainEntityOfPage\":{\"@id\":\"https:\\\/\\\/miklostv.com\\\/new\\\/2020\\\/09\\\/08\\\/lomtalanitas-2020\\\/\"},\"wordCount\":364,\"commentCount\":0,\"image\":{\"@id\":\"https:\\\/\\\/miklostv.com\\\/new\\\/2020\\\/09\\\/08\\\/lomtalanitas-2020\\\/#primaryimage\"},\"thumbnailUrl\":\"https:\\\/\\\/miklostv.com\\\/new\\\/wp-content\\\/uploads\\\/2020\\\/09\\\/lomtalanitaswebre.jpg\",\"articleSection\":[\"K\u00f6z\u00e9rdek\u0171\"],\"inLanguage\":\"hu\"},{\"@type\":\"WebPage\",\"@id\":\"https:\\\/\\\/miklostv.com\\\/new\\\/2020\\\/09\\\/08\\\/lomtalanitas-2020\\\/\",\"url\":\"https:\\\/\\\/miklostv.com\\\/new\\\/2020\\\/09\\\/08\\\/lomtalanitas-2020\\\/\",\"name\":\"LOMTALAN\u00cdT\u00c1S 2020 - Mikl\u00f3s TV\",\"isPartOf\":{\"@id\":\"https:\\\/\\\/miklostv.com\\\/new\\\/#website\"},\"primaryImageOfPage\":{\"@id\":\"https:\\\/\\\/miklostv.com\\\/new\\\/2020\\\/09\\\/08\\\/lomtalanitas-2020\\\/#primaryimage\"},\"image\":{\"@id\":\"https:\\\/\\\/miklostv.com\\\/new\\\/2020\\\/09\\\/08\\\/lomtalanitas-2020\\\/#primaryimage\"},\"thumbnailUrl\":\"https:\\\/\\\/miklostv.com\\\/new\\\/wp-content\\\/uploads\\\/2020\\\/09\\\/lomtalanitaswebre.jpg\",\"datePublished\":\"2020-09-08T14:15:02+00:00\",\"dateModified\":\"2023-02-08T16:47:05+00:00\",\"author\":{\"@id\":\"https:\\\/\\\/miklostv.com\\\/new\\\/#\\\/schema\\\/person\\\/6339cdd0bbd336ec6345812e3958be3b\"},\"breadcrumb\":{\"@id\":\"https:\\\/\\\/miklostv.com\\\/new\\\/2020\\\/09\\\/08\\\/lomtalanitas-2020\\\/#breadcrumb\"},\"inLanguage\":\"hu\",\"potentialAction\":[{\"@type\":\"ReadAction\",\"target\":[\"https:\\\/\\\/miklostv.com\\\/new\\\/2020\\\/09\\\/08\\\/lomtalanitas-2020\\\/\"]}]},{\"@type\":\"ImageObject\",\"inLanguage\":\"hu\",\"@id\":\"https:\\\/\\\/miklostv.com\\\/new\\\/2020\\\/09\\\/08\\\/lomtalanitas-2020\\\/#primaryimage\",\"url\":\"https:\\\/\\\/miklostv.com\\\/new\\\/wp-content\\\/uploads\\\/2020\\\/09\\\/lomtalanitaswebre.jpg\",\"contentUrl\":\"https:\\\/\\\/miklostv.com\\\/new\\\/wp-content\\\/uploads\\\/2020\\\/09\\\/lomtalanitaswebre.jpg\",\"width\":600,\"height\":314,\"caption\":\"lomtalan\u00edt\u00e1swebre\"},{\"@type\":\"BreadcrumbList\",\"@id\":\"https:\\\/\\\/miklostv.com\\\/new\\\/2020\\\/09\\\/08\\\/lomtalanitas-2020\\\/#breadcrumb\",\"itemListElement\":[{\"@type\":\"ListItem\",\"position\":1,\"name\":\"Kezd\u0151lap\",\"item\":\"https:\\\/\\\/miklostv.com\\\/new\\\/\"},{\"@type\":\"ListItem\",\"position\":2,\"name\":\"LOMTALAN\u00cdT\u00c1S 2020\"}]},{\"@type\":\"WebSite\",\"@id\":\"https:\\\/\\\/miklostv.com\\\/new\\\/#website\",\"url\":\"https:\\\/\\\/miklostv.com\\\/new\\\/\",\"name\":\"Mikl\u00f3s TV\",\"description\":\"Mikl\u00f3s TV\",\"potentialAction\":[{\"@type\":\"SearchAction\",\"target\":{\"@type\":\"EntryPoint\",\"urlTemplate\":\"https:\\\/\\\/miklostv.com\\\/new\\\/?s={search_term_string}\"},\"query-input\":{\"@type\":\"PropertyValueSpecification\",\"valueRequired\":true,\"valueName\":\"search_term_string\"}}],\"inLanguage\":\"hu\"},{\"@type\":\"Person\",\"@id\":\"https:\\\/\\\/miklostv.com\\\/new\\\/#\\\/schema\\\/person\\\/6339cdd0bbd336ec6345812e3958be3b\",\"name\":\"S\u00e1ndor\",\"sameAs\":[\"https:\\\/\\\/miklostv.com\\\/new\"],\"url\":\"https:\\\/\\\/miklostv.com\\\/new\\\/author\\\/sanyi\\\/\"}]}<\/script>\n<!-- \/ Yoast SEO plugin. -->","yoast_head_json":{"title":"LOMTALAN\u00cdT\u00c1S 2020 - Mikl\u00f3s TV","robots":{"index":"index","follow":"follow","max-snippet":"max-snippet:-1","max-image-preview":"max-image-preview:large","max-video-preview":"max-video-preview:-1"},"canonical":"https:\/\/miklostv.com\/new\/2020\/09\/08\/lomtalanitas-2020\/","og_locale":"hu_HU","og_type":"article","og_title":"LOMTALAN\u00cdT\u00c1S 2020 - Mikl\u00f3s TV","og_description":"A T\u00f6r\u00f6kszentmikl\u00f3si Kommun\u00e1lis Szolg\u00e1ltat\u00f3 Nonprofit Kft. lomtalan\u00edt\u00e1st v\u00e9gez 2020. szeptember 28-t\u00f3l okt\u00f3ber 5-ig. T\u00f6r\u00f6kszentmikl\u00f3s belter\u00fclet\u00e9n a lomtalan\u00edt\u00e1s \u00fcteme megegyezik a kuk\u00e1s hullad\u00e9ksz\u00e1ll\u00edt\u00e1s j\u00e1ratrendj\u00e9vel\u00a0Surj\u00e1ny, \u00d3balla, Szak\u00e1llas lomtalan\u00edt\u00e1s\u00e1t is a j\u00e1ratnapon v\u00e9gzik. A lak\u00f3telepek \u00e9s a kont\u00e9nerrel rendelkez\u0151 t\u00e1rsash\u00e1zak lomtalan\u00edt\u00e1s\u00e1ra szeptember 28-\u00e1n, H\u00c9TF\u0150N ker\u00fcl sor. K\u00e9rik\u00a0a Tisztelt Lakoss\u00e1got, hogy a j\u00e1ratos napokon a saj\u00e1t ingatlan el\u00e9 sz\u00edveskedjenek kirakni a nagyobb m\u00e9ret\u0171 t\u00e1rgyakat (lomokat, b\u00fatorokat). A lak\u00f3telepeken a kihelyezett kont\u00e9nerek mell\u00e9 k\u00e9rik elhelyezni az elsz\u00e1ll\u00edt\u00e1sra sz\u00e1nt lomokat. A lomtalan\u00edt\u00e1s naponta, reggel 7 \u00f3rakor kezd\u0151dik, ennek megfelel\u0151en ezen id\u0151pontig k\u00e9rik a lomok \u00e9s a&hellip;","og_url":"https:\/\/miklostv.com\/new\/2020\/09\/08\/lomtalanitas-2020\/","og_site_name":"Mikl\u00f3s TV","article_published_time":"2020-09-08T14:15:02+00:00","article_modified_time":"2023-02-08T16:47:05+00:00","og_image":[{"width":600,"height":314,"url":"https:\/\/miklostv.com\/new\/wp-content\/uploads\/2020\/09\/lomtalanitaswebre.jpg","type":"image\/jpeg"}],"author":"S\u00e1ndor","twitter_card":"summary_large_image","twitter_misc":{"Szerz\u0151:":"S\u00e1ndor","Becs\u00fclt olvas\u00e1si id\u0151":"2 perc"},"schema":{"@context":"https:\/\/schema.org","@graph":[{"@type":"NewsArticle","@id":"https:\/\/miklostv.com\/new\/2020\/09\/08\/lomtalanitas-2020\/#article","isPartOf":{"@id":"https:\/\/miklostv.com\/new\/2020\/09\/08\/lomtalanitas-2020\/"},"author":{"name":"S\u00e1ndor","@id":"https:\/\/miklostv.com\/new\/#\/schema\/person\/6339cdd0bbd336ec6345812e3958be3b"},"headline":"LOMTALAN\u00cdT\u00c1S 2020","datePublished":"2020-09-08T14:15:02+00:00","dateModified":"2023-02-08T16:47:05+00:00","mainEntityOfPage":{"@id":"https:\/\/miklostv.com\/new\/2020\/09\/08\/lomtalanitas-2020\/"},"wordCount":364,"commentCount":0,"image":{"@id":"https:\/\/miklostv.com\/new\/2020\/09\/08\/lomtalanitas-2020\/#primaryimage"},"thumbnailUrl":"https:\/\/miklostv.com\/new\/wp-content\/uploads\/2020\/09\/lomtalanitaswebre.jpg","articleSection":["K\u00f6z\u00e9rdek\u0171"],"inLanguage":"hu"},{"@type":"WebPage","@id":"https:\/\/miklostv.com\/new\/2020\/09\/08\/lomtalanitas-2020\/","url":"https:\/\/miklostv.com\/new\/2020\/09\/08\/lomtalanitas-2020\/","name":"LOMTALAN\u00cdT\u00c1S 2020 - Mikl\u00f3s TV","isPartOf":{"@id":"https:\/\/miklostv.com\/new\/#website"},"primaryImageOfPage":{"@id":"https:\/\/miklostv.com\/new\/2020\/09\/08\/lomtalanitas-2020\/#primaryimage"},"image":{"@id":"https:\/\/miklostv.com\/new\/2020\/09\/08\/lomtalanitas-2020\/#primaryimage"},"thumbnailUrl":"https:\/\/miklostv.com\/new\/wp-content\/uploads\/2020\/09\/lomtalanitaswebre.jpg","datePublished":"2020-09-08T14:15:02+00:00","dateModified":"2023-02-08T16:47:05+00:00","author":{"@id":"https:\/\/miklostv.com\/new\/#\/schema\/person\/6339cdd0bbd336ec6345812e3958be3b"},"breadcrumb":{"@id":"https:\/\/miklostv.com\/new\/2020\/09\/08\/lomtalanitas-2020\/#breadcrumb"},"inLanguage":"hu","potentialAction":[{"@type":"ReadAction","target":["https:\/\/miklostv.com\/new\/2020\/09\/08\/lomtalanitas-2020\/"]}]},{"@type":"ImageObject","inLanguage":"hu","@id":"https:\/\/miklostv.com\/new\/2020\/09\/08\/lomtalanitas-2020\/#primaryimage","url":"https:\/\/miklostv.com\/new\/wp-content\/uploads\/2020\/09\/lomtalanitaswebre.jpg","contentUrl":"https:\/\/miklostv.com\/new\/wp-content\/uploads\/2020\/09\/lomtalanitaswebre.jpg","width":600,"height":314,"caption":"lomtalan\u00edt\u00e1swebre"},{"@type":"BreadcrumbList","@id":"https:\/\/miklostv.com\/new\/2020\/09\/08\/lomtalanitas-2020\/#breadcrumb","itemListElement":[{"@type":"ListItem","position":1,"name":"Kezd\u0151lap","item":"https:\/\/miklostv.com\/new\/"},{"@type":"ListItem","position":2,"name":"LOMTALAN\u00cdT\u00c1S 2020"}]},{"@type":"WebSite","@id":"https:\/\/miklostv.com\/new\/#website","url":"https:\/\/miklostv.com\/new\/","name":"Mikl\u00f3s TV","description":"Mikl\u00f3s TV","potentialAction":[{"@type":"SearchAction","target":{"@type":"EntryPoint","urlTemplate":"https:\/\/miklostv.com\/new\/?s={search_term_string}"},"query-input":{"@type":"PropertyValueSpecification","valueRequired":true,"valueName":"search_term_string"}}],"inLanguage":"hu"},{"@type":"Person","@id":"https:\/\/miklostv.com\/new\/#\/schema\/person\/6339cdd0bbd336ec6345812e3958be3b","name":"S\u00e1ndor","sameAs":["https:\/\/miklostv.com\/new"],"url":"https:\/\/miklostv.com\/new\/author\/sanyi\/"}]}},"_links":{"self":[{"href":"https:\/\/miklostv.com\/new\/wp-json\/wp\/v2\/posts\/3651","targetHints":{"allow":["GET"]}}],"collection":[{"href":"https:\/\/miklostv.com\/new\/wp-json\/wp\/v2\/posts"}],"about":[{"href":"https:\/\/miklostv.com\/new\/wp-json\/wp\/v2\/types\/post"}],"author":[{"embeddable":true,"href":"https:\/\/miklostv.com\/new\/wp-json\/wp\/v2\/users\/1"}],"replies":[{"embeddable":true,"href":"https:\/\/miklostv.com\/new\/wp-json\/wp\/v2\/comments?post=3651"}],"version-history":[{"count":1,"href":"https:\/\/miklostv.com\/new\/wp-json\/wp\/v2\/posts\/3651\/revisions"}],"predecessor-version":[{"id":7725,"href":"https:\/\/miklostv.com\/new\/wp-json\/wp\/v2\/posts\/3651\/revisions\/7725"}],"wp:featuredmedia":[{"embeddable":true,"href":"https:\/\/miklostv.com\/new\/wp-json\/wp\/v2\/media\/3650"}],"wp:attachment":[{"href":"https:\/\/miklostv.com\/new\/wp-json\/wp\/v2\/media?parent=3651"}],"wp:term":[{"taxonomy":"category","embeddable":true,"href":"https:\/\/miklostv.com\/new\/wp-json\/wp\/v2\/categories?post=3651"},{"taxonomy":"post_tag","embeddable":true,"href":"https:\/\/miklostv.com\/new\/wp-json\/wp\/v2\/tags?post=3651"}],"curies":[{"name":"wp","href":"https:\/\/api.w.org\/{rel}","templated":true}]}}