{"id":3504,"date":"2019-07-04T14:45:35","date_gmt":"2019-07-04T14:45:35","guid":{"rendered":"https:\/\/miklostv.com\/new\/2019\/07\/04\/torokszentmiklosi-fc-elkeszult-a-palyavilagitas\/"},"modified":"2019-07-04T14:45:35","modified_gmt":"2019-07-04T14:45:35","slug":"torokszentmiklosi-fc-elkeszult-a-palyavilagitas","status":"publish","type":"post","link":"https:\/\/miklostv.com\/new\/2019\/07\/04\/torokszentmiklosi-fc-elkeszult-a-palyavilagitas\/","title":{"rendered":"T\u00d6R\u00d6KSZENTMIKL\u00d3SI FC &#8211; ELK\u00c9SZ\u00dcLT A P\u00c1LYAVIL\u00c1G\u00cdT\u00c1S"},"content":{"rendered":"<p><span style=\"font-size: 12pt;\"><strong>Ak\u00e1r villanyf\u00e9nyes m\u00e9rk\u0151z\u00e9seket is rendezhet a T\u00f6r\u00f6kszentmikl\u00f3si FC &#8211; \u00e1ll a <a href=\"http:\/\/torokszentmiklosifoci.hu\/new\/2019\/07\/04\/ujabb-fejlesztes-a-sporttelepen\/\">TFC honlapj\u00e1n<\/a><\/strong><\/span><br \/>A Magyar Labdar\u00fag\u00f3 Sz\u00f6vets\u00e9g l\u00e1tv\u00e1ny-csapatsport t\u00e1mogat\u00e1s\u00e1nak keret\u00e9ben t\u00e1mogat\u00e1sban r\u00e9szes\u00edtette a T\u00f6r\u00f6kszentmikl\u00f3si FC sporfejleszt\u00e9si programj\u00e1t. A program r\u00e9sze volt egy nagym\u00e9ret\u0171 f\u00fcves labdar\u00fag\u00f3p\u00e1lya vil\u00e1g\u00edt\u00e1s\u00e1nak fel\u00faj\u00edt\u00e1sa, mely 2019. j\u00falius\u00e1ra el is k\u00e9sz\u00fclt.<\/p>\n<div><img decoding=\"async\" class=\" size-full wp-image-3502\" src=\"https:\/\/miklostv.com\/new\/wp-content\/uploads\/2019\/07\/65614456_2361550874090957_2824561946311786496_o.jpg\" alt=\"65614456 2361550874090957 2824561946311786496 o\" width=\"1024\" srcset=\"https:\/\/miklostv.com\/new\/wp-content\/uploads\/2019\/07\/65614456_2361550874090957_2824561946311786496_o.jpg 997w, https:\/\/miklostv.com\/new\/wp-content\/uploads\/2019\/07\/65614456_2361550874090957_2824561946311786496_o-300x169.jpg 300w, https:\/\/miklostv.com\/new\/wp-content\/uploads\/2019\/07\/65614456_2361550874090957_2824561946311786496_o-768x431.jpg 768w\" sizes=\"(max-width: 997px) 100vw, 997px\" \/><\/div>\n<div><\/div>\n<div>Az \u00fcnnep\u00e9lyes \u00e1tad\u00f3ra 2019. j\u00falis 19-\u00e9n ker\u00fcl sor. A protokoll\u00e1ris esem\u00e9ny ut\u00e1n edz\u0151m\u00e9rk\u0151z\u00e9sre ker\u00fcl sor a Szolnoki M\u00c1V FC csapata ellen.<\/p>\n<\/div>\n<div><img decoding=\"async\" class=\" size-full wp-image-3503\" src=\"https:\/\/miklostv.com\/new\/wp-content\/uploads\/2019\/07\/tfc-szolnoki_mav_projekt_2019.07.19_esemeny_facebookra.jpg\" alt=\"tfc szolnoki m\u00e1v projekt 2019.07.19 esem\u00e9ny facebookra\" width=\"1024\" srcset=\"https:\/\/miklostv.com\/new\/wp-content\/uploads\/2019\/07\/tfc-szolnoki_mav_projekt_2019.07.19_esemeny_facebookra.jpg 600w, https:\/\/miklostv.com\/new\/wp-content\/uploads\/2019\/07\/tfc-szolnoki_mav_projekt_2019.07.19_esemeny_facebookra-300x157.jpg 300w\" sizes=\"(max-width: 600px) 100vw, 600px\" \/><\/div>\n","protected":false},"excerpt":{"rendered":"<p>Ak\u00e1r villanyf\u00e9nyes m\u00e9rk\u0151z\u00e9seket is rendezhet a T\u00f6r\u00f6kszentmikl\u00f3si FC &#8211; \u00e1ll a TFC honlapj\u00e1nA Magyar Labdar\u00fag\u00f3 Sz\u00f6vets\u00e9g l\u00e1tv\u00e1ny-csapatsport t\u00e1mogat\u00e1s\u00e1nak keret\u00e9ben t\u00e1mogat\u00e1sban r\u00e9szes\u00edtette a T\u00f6r\u00f6kszentmikl\u00f3si FC sporfejleszt\u00e9si programj\u00e1t. A program r\u00e9sze volt egy nagym\u00e9ret\u0171 f\u00fcves labdar\u00fag\u00f3p\u00e1lya vil\u00e1g\u00edt\u00e1s\u00e1nak fel\u00faj\u00edt\u00e1sa, mely 2019. j\u00falius\u00e1ra el is k\u00e9sz\u00fclt. Az \u00fcnnep\u00e9lyes \u00e1tad\u00f3ra 2019. j\u00falis 19-\u00e9n ker\u00fcl sor. A protokoll\u00e1ris esem\u00e9ny ut\u00e1n edz\u0151m\u00e9rk\u0151z\u00e9sre ker\u00fcl sor a Szolnoki M\u00c1V FC csapata ellen.<\/p>\n","protected":false},"author":1,"featured_media":3501,"comment_status":"open","ping_status":"open","sticky":false,"template":"","format":"standard","meta":{"fifu_image_url":"","fifu_image_alt":"","footnotes":""},"categories":[33],"tags":[],"class_list":["post-3504","post","type-post","status-publish","format-standard","has-post-thumbnail","hentry","category-sport-hirek"],"gutentor_comment":0,"yoast_head":"<!-- This site is optimized with the Yoast SEO plugin v27.5 - https:\/\/yoast.com\/product\/yoast-seo-wordpress\/ -->\n<title>T\u00d6R\u00d6KSZENTMIKL\u00d3SI FC - ELK\u00c9SZ\u00dcLT A P\u00c1LYAVIL\u00c1G\u00cdT\u00c1S - Mikl\u00f3s TV<\/title>\n<meta name=\"robots\" content=\"index, follow, max-snippet:-1, max-image-preview:large, max-video-preview:-1\" \/>\n<link rel=\"canonical\" href=\"https:\/\/miklostv.com\/new\/2019\/07\/04\/torokszentmiklosi-fc-elkeszult-a-palyavilagitas\/\" \/>\n<meta property=\"og:locale\" content=\"hu_HU\" \/>\n<meta property=\"og:type\" content=\"article\" \/>\n<meta property=\"og:title\" content=\"T\u00d6R\u00d6KSZENTMIKL\u00d3SI FC - ELK\u00c9SZ\u00dcLT A P\u00c1LYAVIL\u00c1G\u00cdT\u00c1S - Mikl\u00f3s TV\" \/>\n<meta property=\"og:description\" content=\"Ak\u00e1r villanyf\u00e9nyes m\u00e9rk\u0151z\u00e9seket is rendezhet a T\u00f6r\u00f6kszentmikl\u00f3si FC &#8211; \u00e1ll a TFC honlapj\u00e1nA Magyar Labdar\u00fag\u00f3 Sz\u00f6vets\u00e9g l\u00e1tv\u00e1ny-csapatsport t\u00e1mogat\u00e1s\u00e1nak keret\u00e9ben t\u00e1mogat\u00e1sban r\u00e9szes\u00edtette a T\u00f6r\u00f6kszentmikl\u00f3si FC sporfejleszt\u00e9si programj\u00e1t. A program r\u00e9sze volt egy nagym\u00e9ret\u0171 f\u00fcves labdar\u00fag\u00f3p\u00e1lya vil\u00e1g\u00edt\u00e1s\u00e1nak fel\u00faj\u00edt\u00e1sa, mely 2019. j\u00falius\u00e1ra el is k\u00e9sz\u00fclt. Az \u00fcnnep\u00e9lyes \u00e1tad\u00f3ra 2019. j\u00falis 19-\u00e9n ker\u00fcl sor. A protokoll\u00e1ris esem\u00e9ny ut\u00e1n edz\u0151m\u00e9rk\u0151z\u00e9sre ker\u00fcl sor a Szolnoki M\u00c1V FC csapata ellen.\" \/>\n<meta property=\"og:url\" content=\"https:\/\/miklostv.com\/new\/2019\/07\/04\/torokszentmiklosi-fc-elkeszult-a-palyavilagitas\/\" \/>\n<meta property=\"og:site_name\" content=\"Mikl\u00f3s TV\" \/>\n<meta property=\"article:published_time\" content=\"2019-07-04T14:45:35+00:00\" \/>\n<meta property=\"og:image\" content=\"https:\/\/miklostv.com\/new\/wp-content\/uploads\/2019\/07\/lampaspalya_cikkba_logoval.jpg\" \/>\n\t<meta property=\"og:image:width\" content=\"1024\" \/>\n\t<meta property=\"og:image:height\" content=\"536\" \/>\n\t<meta property=\"og:image:type\" content=\"image\/jpeg\" \/>\n<meta name=\"author\" content=\"S\u00e1ndor\" \/>\n<meta name=\"twitter:card\" content=\"summary_large_image\" \/>\n<meta name=\"twitter:label1\" content=\"Szerz\u0151:\" \/>\n\t<meta name=\"twitter:data1\" content=\"S\u00e1ndor\" \/>\n\t<meta name=\"twitter:label2\" content=\"Becs\u00fclt olvas\u00e1si id\u0151\" \/>\n\t<meta name=\"twitter:data2\" content=\"1 perc\" \/>\n<script type=\"application\/ld+json\" class=\"yoast-schema-graph\">{\"@context\":\"https:\\\/\\\/schema.org\",\"@graph\":[{\"@type\":\"NewsArticle\",\"@id\":\"https:\\\/\\\/miklostv.com\\\/new\\\/2019\\\/07\\\/04\\\/torokszentmiklosi-fc-elkeszult-a-palyavilagitas\\\/#article\",\"isPartOf\":{\"@id\":\"https:\\\/\\\/miklostv.com\\\/new\\\/2019\\\/07\\\/04\\\/torokszentmiklosi-fc-elkeszult-a-palyavilagitas\\\/\"},\"author\":{\"name\":\"S\u00e1ndor\",\"@id\":\"https:\\\/\\\/miklostv.com\\\/new\\\/#\\\/schema\\\/person\\\/6339cdd0bbd336ec6345812e3958be3b\"},\"headline\":\"T\u00d6R\u00d6KSZENTMIKL\u00d3SI FC &#8211; ELK\u00c9SZ\u00dcLT A P\u00c1LYAVIL\u00c1G\u00cdT\u00c1S\",\"datePublished\":\"2019-07-04T14:45:35+00:00\",\"mainEntityOfPage\":{\"@id\":\"https:\\\/\\\/miklostv.com\\\/new\\\/2019\\\/07\\\/04\\\/torokszentmiklosi-fc-elkeszult-a-palyavilagitas\\\/\"},\"wordCount\":135,\"commentCount\":0,\"image\":{\"@id\":\"https:\\\/\\\/miklostv.com\\\/new\\\/2019\\\/07\\\/04\\\/torokszentmiklosi-fc-elkeszult-a-palyavilagitas\\\/#primaryimage\"},\"thumbnailUrl\":\"https:\\\/\\\/miklostv.com\\\/new\\\/wp-content\\\/uploads\\\/2019\\\/07\\\/lampaspalya_cikkba_logoval.jpg\",\"articleSection\":[\"Sporth\u00edrek\"],\"inLanguage\":\"hu\"},{\"@type\":\"WebPage\",\"@id\":\"https:\\\/\\\/miklostv.com\\\/new\\\/2019\\\/07\\\/04\\\/torokszentmiklosi-fc-elkeszult-a-palyavilagitas\\\/\",\"url\":\"https:\\\/\\\/miklostv.com\\\/new\\\/2019\\\/07\\\/04\\\/torokszentmiklosi-fc-elkeszult-a-palyavilagitas\\\/\",\"name\":\"T\u00d6R\u00d6KSZENTMIKL\u00d3SI FC - ELK\u00c9SZ\u00dcLT A P\u00c1LYAVIL\u00c1G\u00cdT\u00c1S - Mikl\u00f3s TV\",\"isPartOf\":{\"@id\":\"https:\\\/\\\/miklostv.com\\\/new\\\/#website\"},\"primaryImageOfPage\":{\"@id\":\"https:\\\/\\\/miklostv.com\\\/new\\\/2019\\\/07\\\/04\\\/torokszentmiklosi-fc-elkeszult-a-palyavilagitas\\\/#primaryimage\"},\"image\":{\"@id\":\"https:\\\/\\\/miklostv.com\\\/new\\\/2019\\\/07\\\/04\\\/torokszentmiklosi-fc-elkeszult-a-palyavilagitas\\\/#primaryimage\"},\"thumbnailUrl\":\"https:\\\/\\\/miklostv.com\\\/new\\\/wp-content\\\/uploads\\\/2019\\\/07\\\/lampaspalya_cikkba_logoval.jpg\",\"datePublished\":\"2019-07-04T14:45:35+00:00\",\"author\":{\"@id\":\"https:\\\/\\\/miklostv.com\\\/new\\\/#\\\/schema\\\/person\\\/6339cdd0bbd336ec6345812e3958be3b\"},\"breadcrumb\":{\"@id\":\"https:\\\/\\\/miklostv.com\\\/new\\\/2019\\\/07\\\/04\\\/torokszentmiklosi-fc-elkeszult-a-palyavilagitas\\\/#breadcrumb\"},\"inLanguage\":\"hu\",\"potentialAction\":[{\"@type\":\"ReadAction\",\"target\":[\"https:\\\/\\\/miklostv.com\\\/new\\\/2019\\\/07\\\/04\\\/torokszentmiklosi-fc-elkeszult-a-palyavilagitas\\\/\"]}]},{\"@type\":\"ImageObject\",\"inLanguage\":\"hu\",\"@id\":\"https:\\\/\\\/miklostv.com\\\/new\\\/2019\\\/07\\\/04\\\/torokszentmiklosi-fc-elkeszult-a-palyavilagitas\\\/#primaryimage\",\"url\":\"https:\\\/\\\/miklostv.com\\\/new\\\/wp-content\\\/uploads\\\/2019\\\/07\\\/lampaspalya_cikkba_logoval.jpg\",\"contentUrl\":\"https:\\\/\\\/miklostv.com\\\/new\\\/wp-content\\\/uploads\\\/2019\\\/07\\\/lampaspalya_cikkba_logoval.jpg\",\"width\":1024,\"height\":536,\"caption\":\"l\u00e1mp\u00e1sp\u00e1lya cikkba log\u00f3val\"},{\"@type\":\"BreadcrumbList\",\"@id\":\"https:\\\/\\\/miklostv.com\\\/new\\\/2019\\\/07\\\/04\\\/torokszentmiklosi-fc-elkeszult-a-palyavilagitas\\\/#breadcrumb\",\"itemListElement\":[{\"@type\":\"ListItem\",\"position\":1,\"name\":\"Kezd\u0151lap\",\"item\":\"https:\\\/\\\/miklostv.com\\\/new\\\/\"},{\"@type\":\"ListItem\",\"position\":2,\"name\":\"T\u00d6R\u00d6KSZENTMIKL\u00d3SI FC &#8211; ELK\u00c9SZ\u00dcLT A P\u00c1LYAVIL\u00c1G\u00cdT\u00c1S\"}]},{\"@type\":\"WebSite\",\"@id\":\"https:\\\/\\\/miklostv.com\\\/new\\\/#website\",\"url\":\"https:\\\/\\\/miklostv.com\\\/new\\\/\",\"name\":\"Mikl\u00f3s TV\",\"description\":\"Mikl\u00f3s TV\",\"potentialAction\":[{\"@type\":\"SearchAction\",\"target\":{\"@type\":\"EntryPoint\",\"urlTemplate\":\"https:\\\/\\\/miklostv.com\\\/new\\\/?s={search_term_string}\"},\"query-input\":{\"@type\":\"PropertyValueSpecification\",\"valueRequired\":true,\"valueName\":\"search_term_string\"}}],\"inLanguage\":\"hu\"},{\"@type\":\"Person\",\"@id\":\"https:\\\/\\\/miklostv.com\\\/new\\\/#\\\/schema\\\/person\\\/6339cdd0bbd336ec6345812e3958be3b\",\"name\":\"S\u00e1ndor\",\"sameAs\":[\"https:\\\/\\\/miklostv.com\\\/new\"],\"url\":\"https:\\\/\\\/miklostv.com\\\/new\\\/author\\\/sanyi\\\/\"}]}<\/script>\n<!-- \/ Yoast SEO plugin. -->","yoast_head_json":{"title":"T\u00d6R\u00d6KSZENTMIKL\u00d3SI FC - ELK\u00c9SZ\u00dcLT A P\u00c1LYAVIL\u00c1G\u00cdT\u00c1S - Mikl\u00f3s TV","robots":{"index":"index","follow":"follow","max-snippet":"max-snippet:-1","max-image-preview":"max-image-preview:large","max-video-preview":"max-video-preview:-1"},"canonical":"https:\/\/miklostv.com\/new\/2019\/07\/04\/torokszentmiklosi-fc-elkeszult-a-palyavilagitas\/","og_locale":"hu_HU","og_type":"article","og_title":"T\u00d6R\u00d6KSZENTMIKL\u00d3SI FC - ELK\u00c9SZ\u00dcLT A P\u00c1LYAVIL\u00c1G\u00cdT\u00c1S - Mikl\u00f3s TV","og_description":"Ak\u00e1r villanyf\u00e9nyes m\u00e9rk\u0151z\u00e9seket is rendezhet a T\u00f6r\u00f6kszentmikl\u00f3si FC &#8211; \u00e1ll a TFC honlapj\u00e1nA Magyar Labdar\u00fag\u00f3 Sz\u00f6vets\u00e9g l\u00e1tv\u00e1ny-csapatsport t\u00e1mogat\u00e1s\u00e1nak keret\u00e9ben t\u00e1mogat\u00e1sban r\u00e9szes\u00edtette a T\u00f6r\u00f6kszentmikl\u00f3si FC sporfejleszt\u00e9si programj\u00e1t. A program r\u00e9sze volt egy nagym\u00e9ret\u0171 f\u00fcves labdar\u00fag\u00f3p\u00e1lya vil\u00e1g\u00edt\u00e1s\u00e1nak fel\u00faj\u00edt\u00e1sa, mely 2019. j\u00falius\u00e1ra el is k\u00e9sz\u00fclt. Az \u00fcnnep\u00e9lyes \u00e1tad\u00f3ra 2019. j\u00falis 19-\u00e9n ker\u00fcl sor. A protokoll\u00e1ris esem\u00e9ny ut\u00e1n edz\u0151m\u00e9rk\u0151z\u00e9sre ker\u00fcl sor a Szolnoki M\u00c1V FC csapata ellen.","og_url":"https:\/\/miklostv.com\/new\/2019\/07\/04\/torokszentmiklosi-fc-elkeszult-a-palyavilagitas\/","og_site_name":"Mikl\u00f3s TV","article_published_time":"2019-07-04T14:45:35+00:00","og_image":[{"width":1024,"height":536,"url":"https:\/\/miklostv.com\/new\/wp-content\/uploads\/2019\/07\/lampaspalya_cikkba_logoval.jpg","type":"image\/jpeg"}],"author":"S\u00e1ndor","twitter_card":"summary_large_image","twitter_misc":{"Szerz\u0151:":"S\u00e1ndor","Becs\u00fclt olvas\u00e1si id\u0151":"1 perc"},"schema":{"@context":"https:\/\/schema.org","@graph":[{"@type":"NewsArticle","@id":"https:\/\/miklostv.com\/new\/2019\/07\/04\/torokszentmiklosi-fc-elkeszult-a-palyavilagitas\/#article","isPartOf":{"@id":"https:\/\/miklostv.com\/new\/2019\/07\/04\/torokszentmiklosi-fc-elkeszult-a-palyavilagitas\/"},"author":{"name":"S\u00e1ndor","@id":"https:\/\/miklostv.com\/new\/#\/schema\/person\/6339cdd0bbd336ec6345812e3958be3b"},"headline":"T\u00d6R\u00d6KSZENTMIKL\u00d3SI FC &#8211; ELK\u00c9SZ\u00dcLT A P\u00c1LYAVIL\u00c1G\u00cdT\u00c1S","datePublished":"2019-07-04T14:45:35+00:00","mainEntityOfPage":{"@id":"https:\/\/miklostv.com\/new\/2019\/07\/04\/torokszentmiklosi-fc-elkeszult-a-palyavilagitas\/"},"wordCount":135,"commentCount":0,"image":{"@id":"https:\/\/miklostv.com\/new\/2019\/07\/04\/torokszentmiklosi-fc-elkeszult-a-palyavilagitas\/#primaryimage"},"thumbnailUrl":"https:\/\/miklostv.com\/new\/wp-content\/uploads\/2019\/07\/lampaspalya_cikkba_logoval.jpg","articleSection":["Sporth\u00edrek"],"inLanguage":"hu"},{"@type":"WebPage","@id":"https:\/\/miklostv.com\/new\/2019\/07\/04\/torokszentmiklosi-fc-elkeszult-a-palyavilagitas\/","url":"https:\/\/miklostv.com\/new\/2019\/07\/04\/torokszentmiklosi-fc-elkeszult-a-palyavilagitas\/","name":"T\u00d6R\u00d6KSZENTMIKL\u00d3SI FC - ELK\u00c9SZ\u00dcLT A P\u00c1LYAVIL\u00c1G\u00cdT\u00c1S - Mikl\u00f3s TV","isPartOf":{"@id":"https:\/\/miklostv.com\/new\/#website"},"primaryImageOfPage":{"@id":"https:\/\/miklostv.com\/new\/2019\/07\/04\/torokszentmiklosi-fc-elkeszult-a-palyavilagitas\/#primaryimage"},"image":{"@id":"https:\/\/miklostv.com\/new\/2019\/07\/04\/torokszentmiklosi-fc-elkeszult-a-palyavilagitas\/#primaryimage"},"thumbnailUrl":"https:\/\/miklostv.com\/new\/wp-content\/uploads\/2019\/07\/lampaspalya_cikkba_logoval.jpg","datePublished":"2019-07-04T14:45:35+00:00","author":{"@id":"https:\/\/miklostv.com\/new\/#\/schema\/person\/6339cdd0bbd336ec6345812e3958be3b"},"breadcrumb":{"@id":"https:\/\/miklostv.com\/new\/2019\/07\/04\/torokszentmiklosi-fc-elkeszult-a-palyavilagitas\/#breadcrumb"},"inLanguage":"hu","potentialAction":[{"@type":"ReadAction","target":["https:\/\/miklostv.com\/new\/2019\/07\/04\/torokszentmiklosi-fc-elkeszult-a-palyavilagitas\/"]}]},{"@type":"ImageObject","inLanguage":"hu","@id":"https:\/\/miklostv.com\/new\/2019\/07\/04\/torokszentmiklosi-fc-elkeszult-a-palyavilagitas\/#primaryimage","url":"https:\/\/miklostv.com\/new\/wp-content\/uploads\/2019\/07\/lampaspalya_cikkba_logoval.jpg","contentUrl":"https:\/\/miklostv.com\/new\/wp-content\/uploads\/2019\/07\/lampaspalya_cikkba_logoval.jpg","width":1024,"height":536,"caption":"l\u00e1mp\u00e1sp\u00e1lya cikkba log\u00f3val"},{"@type":"BreadcrumbList","@id":"https:\/\/miklostv.com\/new\/2019\/07\/04\/torokszentmiklosi-fc-elkeszult-a-palyavilagitas\/#breadcrumb","itemListElement":[{"@type":"ListItem","position":1,"name":"Kezd\u0151lap","item":"https:\/\/miklostv.com\/new\/"},{"@type":"ListItem","position":2,"name":"T\u00d6R\u00d6KSZENTMIKL\u00d3SI FC &#8211; ELK\u00c9SZ\u00dcLT A P\u00c1LYAVIL\u00c1G\u00cdT\u00c1S"}]},{"@type":"WebSite","@id":"https:\/\/miklostv.com\/new\/#website","url":"https:\/\/miklostv.com\/new\/","name":"Mikl\u00f3s TV","description":"Mikl\u00f3s TV","potentialAction":[{"@type":"SearchAction","target":{"@type":"EntryPoint","urlTemplate":"https:\/\/miklostv.com\/new\/?s={search_term_string}"},"query-input":{"@type":"PropertyValueSpecification","valueRequired":true,"valueName":"search_term_string"}}],"inLanguage":"hu"},{"@type":"Person","@id":"https:\/\/miklostv.com\/new\/#\/schema\/person\/6339cdd0bbd336ec6345812e3958be3b","name":"S\u00e1ndor","sameAs":["https:\/\/miklostv.com\/new"],"url":"https:\/\/miklostv.com\/new\/author\/sanyi\/"}]}},"_links":{"self":[{"href":"https:\/\/miklostv.com\/new\/wp-json\/wp\/v2\/posts\/3504","targetHints":{"allow":["GET"]}}],"collection":[{"href":"https:\/\/miklostv.com\/new\/wp-json\/wp\/v2\/posts"}],"about":[{"href":"https:\/\/miklostv.com\/new\/wp-json\/wp\/v2\/types\/post"}],"author":[{"embeddable":true,"href":"https:\/\/miklostv.com\/new\/wp-json\/wp\/v2\/users\/1"}],"replies":[{"embeddable":true,"href":"https:\/\/miklostv.com\/new\/wp-json\/wp\/v2\/comments?post=3504"}],"version-history":[{"count":0,"href":"https:\/\/miklostv.com\/new\/wp-json\/wp\/v2\/posts\/3504\/revisions"}],"wp:featuredmedia":[{"embeddable":true,"href":"https:\/\/miklostv.com\/new\/wp-json\/wp\/v2\/media\/3501"}],"wp:attachment":[{"href":"https:\/\/miklostv.com\/new\/wp-json\/wp\/v2\/media?parent=3504"}],"wp:term":[{"taxonomy":"category","embeddable":true,"href":"https:\/\/miklostv.com\/new\/wp-json\/wp\/v2\/categories?post=3504"},{"taxonomy":"post_tag","embeddable":true,"href":"https:\/\/miklostv.com\/new\/wp-json\/wp\/v2\/tags?post=3504"}],"curies":[{"name":"wp","href":"https:\/\/api.w.org\/{rel}","templated":true}]}}