{"id":3469,"date":"2019-06-20T20:07:27","date_gmt":"2019-06-20T20:07:27","guid":{"rendered":"https:\/\/miklostv.com\/new\/2019\/06\/20\/julius-1-en-a-koztisztviseloi-napon-zarva-lesz-a-polgarmesteri-hivatal\/"},"modified":"2023-02-06T21:56:09","modified_gmt":"2023-02-06T21:56:09","slug":"julius-1-en-a-koztisztviseloi-napon-zarva-lesz-a-polgarmesteri-hivatal","status":"publish","type":"post","link":"https:\/\/miklostv.com\/new\/2019\/06\/20\/julius-1-en-a-koztisztviseloi-napon-zarva-lesz-a-polgarmesteri-hivatal\/","title":{"rendered":"J\u00daLIUS 1-J\u00c9N A K\u00d6ZTISZTVISEL\u0150I NAPON Z\u00c1RVA  LESZ A POLG\u00c1RMESTERI HIVATAL"},"content":{"rendered":"<p><\/p>\n<p>T\u00e1j\u00e9koztatjuk a lakoss\u00e1got, tisztelt \u00fcgyfeleinket, hogy T\u00f6r\u00f6kszentmikl\u00f3s V\u00e1rosi \u00d6nkorm\u00e1nyzat a 18\/2017(VI.30) \u00d6r. sz\u00e1m\u00fa&nbsp; rendelet\u00e9ben j\u00falius 1-j\u00e9t munkasz\u00fcneti napp\u00e1 nyilv\u00e1n\u00edtotta a Polg\u00e1rmesteri Hivatal k\u00f6ztisztvisel\u0151i sz\u00e1m\u00e1ra.<\/p>\n<p><span style=\"background-color: #008000; color: #ffffff;\"><strong>&nbsp; &nbsp; J\u00falius 1-j\u00e9n ( h\u00e9tf\u0151) &nbsp;nem lesz \u00fcgyf\u00e9lfogad\u00e1s, a hivatal z\u00e1rva tart.&nbsp; &nbsp; &nbsp;<\/strong><\/span><\/p>\n<p>T\u00e1j\u00e9koztatjuk \u00d6n\u00f6ket arr\u00f3l is, hogy j\u00falius 1-e Semmelweis Nap is, mely az eg\u00e9szs\u00e9g\u00fcgyi dolgoz\u00f3k sz\u00e1m\u00e1ra munkasz\u00fcneti nap. Az eg\u00e9szs\u00e9g\u00fcgyi int\u00e9zm\u00e9nyek az \u00fcgyeleti rend szerint m\u0171k\u00f6dnek, a h\u00e1ziorvosi \u00e9s szakrendel\u00e9sek sz\u00fcnetelnek.<\/p>\n<p>T\u00f6r\u00f6kszentmikl\u00f3son az EGYMI a h\u00e9tv\u00e9gi illetve \u00fcnnepnapi \u00fcgylet szerint \u00e1ll a lakoss\u00e1g rendelkez\u00e9s\u00e9re.<\/p>\n<p>Meg\u00e9rt\u00e9s\u00fcket \u00e9s t\u00fcrelm\u00fcket k\u00f6sz\u00f6nj\u00fck!<\/p>\n<p>&nbsp;&nbsp;&nbsp;&nbsp;&nbsp;&nbsp;&nbsp;&nbsp;&nbsp;&nbsp;&nbsp;&nbsp;&nbsp;&nbsp;&nbsp;&nbsp;&nbsp;&nbsp;&nbsp;&nbsp;&nbsp;&nbsp;&nbsp;&nbsp;&nbsp;&nbsp;&nbsp;&nbsp;&nbsp;&nbsp;&nbsp;&nbsp;&nbsp;&nbsp;&nbsp;&nbsp;&nbsp;&nbsp;&nbsp;&nbsp;&nbsp;&nbsp;&nbsp;&nbsp;&nbsp;&nbsp;&nbsp;&nbsp;&nbsp;&nbsp;&nbsp;&nbsp;&nbsp;&nbsp;&nbsp;&nbsp;&nbsp;&nbsp;&nbsp;&nbsp;&nbsp;&nbsp;&nbsp;&nbsp;&nbsp;&nbsp;&nbsp;&nbsp;&nbsp;&nbsp;<\/p>\n<p style=\"text-align: center;\">Polg\u00e1rmesteri Hivatal<\/p>\n\n<div class=\"wp-block-image\">\n<figure class=\"aligncenter\"><img decoding=\"async\" src=\"https:\/\/miklostv.com\/new\/wp-content\/uploads\/2019\/06\/30441243_2057710074475040_7744159934035525632_o.jpg\" alt=\"\"\/><\/figure>\n<\/div>","protected":false},"excerpt":{"rendered":"<p>T\u00e1j\u00e9koztatjuk a lakoss\u00e1got, tisztelt \u00fcgyfeleinket, hogy T\u00f6r\u00f6kszentmikl\u00f3s V\u00e1rosi \u00d6nkorm\u00e1nyzat a 18\/2017(VI.30) \u00d6r. sz\u00e1m\u00fa&nbsp; rendelet\u00e9ben j\u00falius 1-j\u00e9t munkasz\u00fcneti napp\u00e1 nyilv\u00e1n\u00edtotta a Polg\u00e1rmesteri Hivatal k\u00f6ztisztvisel\u0151i sz\u00e1m\u00e1ra. &nbsp; &nbsp; J\u00falius 1-j\u00e9n ( h\u00e9tf\u0151) &nbsp;nem lesz \u00fcgyf\u00e9lfogad\u00e1s, a hivatal z\u00e1rva tart.&nbsp; &nbsp; &nbsp; T\u00e1j\u00e9koztatjuk \u00d6n\u00f6ket arr\u00f3l is, hogy j\u00falius 1-e Semmelweis Nap is, mely az eg\u00e9szs\u00e9g\u00fcgyi dolgoz\u00f3k sz\u00e1m\u00e1ra munkasz\u00fcneti nap. Az eg\u00e9szs\u00e9g\u00fcgyi int\u00e9zm\u00e9nyek az \u00fcgyeleti rend szerint m\u0171k\u00f6dnek, a h\u00e1ziorvosi \u00e9s szakrendel\u00e9sek sz\u00fcnetelnek. T\u00f6r\u00f6kszentmikl\u00f3son az EGYMI a h\u00e9tv\u00e9gi illetve \u00fcnnepnapi \u00fcgylet szerint \u00e1ll a lakoss\u00e1g rendelkez\u00e9s\u00e9re. Meg\u00e9rt\u00e9s\u00fcket \u00e9s t\u00fcrelm\u00fcket k\u00f6sz\u00f6nj\u00fck! &nbsp;&nbsp;&nbsp;&nbsp;&nbsp;&nbsp;&nbsp;&nbsp;&nbsp;&nbsp;&nbsp;&nbsp;&nbsp;&nbsp;&nbsp;&nbsp;&nbsp;&nbsp;&nbsp;&nbsp;&nbsp;&nbsp;&nbsp;&nbsp;&nbsp;&nbsp;&nbsp;&nbsp;&nbsp;&nbsp;&nbsp;&nbsp;&nbsp;&nbsp;&nbsp;&nbsp;&nbsp;&nbsp;&nbsp;&nbsp;&nbsp;&nbsp;&nbsp;&nbsp;&nbsp;&nbsp;&nbsp;&nbsp;&nbsp;&nbsp;&nbsp;&nbsp;&nbsp;&nbsp;&nbsp;&nbsp;&nbsp;&nbsp;&nbsp;&nbsp;&nbsp;&nbsp;&nbsp;&nbsp;&nbsp;&nbsp;&nbsp;&nbsp;&nbsp;&nbsp; Polg\u00e1rmesteri Hivatal<\/p>\n","protected":false},"author":1,"featured_media":3468,"comment_status":"open","ping_status":"open","sticky":false,"template":"","format":"standard","meta":{"fifu_image_url":"","fifu_image_alt":"","footnotes":""},"categories":[32],"tags":[],"class_list":["post-3469","post","type-post","status-publish","format-standard","has-post-thumbnail","hentry","category-hirek2"],"gutentor_comment":0,"yoast_head":"<!-- This site is optimized with the Yoast SEO plugin v27.5 - https:\/\/yoast.com\/product\/yoast-seo-wordpress\/ -->\n<title>J\u00daLIUS 1-J\u00c9N A K\u00d6ZTISZTVISEL\u0150I NAPON Z\u00c1RVA LESZ A POLG\u00c1RMESTERI HIVATAL - Mikl\u00f3s TV<\/title>\n<meta name=\"robots\" content=\"index, follow, max-snippet:-1, max-image-preview:large, max-video-preview:-1\" \/>\n<link rel=\"canonical\" href=\"https:\/\/miklostv.com\/new\/2019\/06\/20\/julius-1-en-a-koztisztviseloi-napon-zarva-lesz-a-polgarmesteri-hivatal\/\" \/>\n<meta property=\"og:locale\" content=\"hu_HU\" \/>\n<meta property=\"og:type\" content=\"article\" \/>\n<meta property=\"og:title\" content=\"J\u00daLIUS 1-J\u00c9N A K\u00d6ZTISZTVISEL\u0150I NAPON Z\u00c1RVA LESZ A POLG\u00c1RMESTERI HIVATAL - Mikl\u00f3s TV\" \/>\n<meta property=\"og:description\" content=\"T\u00e1j\u00e9koztatjuk a lakoss\u00e1got, tisztelt \u00fcgyfeleinket, hogy T\u00f6r\u00f6kszentmikl\u00f3s V\u00e1rosi \u00d6nkorm\u00e1nyzat a 18\/2017(VI.30) \u00d6r. sz\u00e1m\u00fa&nbsp; rendelet\u00e9ben j\u00falius 1-j\u00e9t munkasz\u00fcneti napp\u00e1 nyilv\u00e1n\u00edtotta a Polg\u00e1rmesteri Hivatal k\u00f6ztisztvisel\u0151i sz\u00e1m\u00e1ra. &nbsp; &nbsp; J\u00falius 1-j\u00e9n ( h\u00e9tf\u0151) &nbsp;nem lesz \u00fcgyf\u00e9lfogad\u00e1s, a hivatal z\u00e1rva tart.&nbsp; &nbsp; &nbsp; T\u00e1j\u00e9koztatjuk \u00d6n\u00f6ket arr\u00f3l is, hogy j\u00falius 1-e Semmelweis Nap is, mely az eg\u00e9szs\u00e9g\u00fcgyi dolgoz\u00f3k sz\u00e1m\u00e1ra munkasz\u00fcneti nap. Az eg\u00e9szs\u00e9g\u00fcgyi int\u00e9zm\u00e9nyek az \u00fcgyeleti rend szerint m\u0171k\u00f6dnek, a h\u00e1ziorvosi \u00e9s szakrendel\u00e9sek sz\u00fcnetelnek. T\u00f6r\u00f6kszentmikl\u00f3son az EGYMI a h\u00e9tv\u00e9gi illetve \u00fcnnepnapi \u00fcgylet szerint \u00e1ll a lakoss\u00e1g rendelkez\u00e9s\u00e9re. Meg\u00e9rt\u00e9s\u00fcket \u00e9s t\u00fcrelm\u00fcket k\u00f6sz\u00f6nj\u00fck! &nbsp;&nbsp;&nbsp;&nbsp;&nbsp;&nbsp;&nbsp;&nbsp;&nbsp;&nbsp;&nbsp;&nbsp;&nbsp;&nbsp;&nbsp;&nbsp;&nbsp;&nbsp;&nbsp;&nbsp;&nbsp;&nbsp;&nbsp;&nbsp;&nbsp;&nbsp;&nbsp;&nbsp;&nbsp;&nbsp;&nbsp;&nbsp;&nbsp;&nbsp;&nbsp;&nbsp;&nbsp;&nbsp;&nbsp;&nbsp;&nbsp;&nbsp;&nbsp;&nbsp;&nbsp;&nbsp;&nbsp;&nbsp;&nbsp;&nbsp;&nbsp;&nbsp;&nbsp;&nbsp;&nbsp;&nbsp;&nbsp;&nbsp;&nbsp;&nbsp;&nbsp;&nbsp;&nbsp;&nbsp;&nbsp;&nbsp;&nbsp;&nbsp;&nbsp;&nbsp; Polg\u00e1rmesteri Hivatal\" \/>\n<meta property=\"og:url\" content=\"https:\/\/miklostv.com\/new\/2019\/06\/20\/julius-1-en-a-koztisztviseloi-napon-zarva-lesz-a-polgarmesteri-hivatal\/\" \/>\n<meta property=\"og:site_name\" content=\"Mikl\u00f3s TV\" \/>\n<meta property=\"article:published_time\" content=\"2019-06-20T20:07:27+00:00\" \/>\n<meta property=\"article:modified_time\" content=\"2023-02-06T21:56:09+00:00\" \/>\n<meta property=\"og:image\" content=\"https:\/\/miklostv.com\/new\/wp-content\/uploads\/2019\/06\/30441243_2057710074475040_7744159934035525632_o.jpg\" \/>\n\t<meta property=\"og:image:width\" content=\"1023\" \/>\n\t<meta property=\"og:image:height\" content=\"682\" \/>\n\t<meta property=\"og:image:type\" content=\"image\/jpeg\" \/>\n<meta name=\"author\" content=\"S\u00e1ndor\" \/>\n<meta name=\"twitter:card\" content=\"summary_large_image\" \/>\n<meta name=\"twitter:label1\" content=\"Szerz\u0151:\" \/>\n\t<meta name=\"twitter:data1\" content=\"S\u00e1ndor\" \/>\n\t<meta name=\"twitter:label2\" content=\"Becs\u00fclt olvas\u00e1si id\u0151\" \/>\n\t<meta name=\"twitter:data2\" content=\"1 perc\" \/>\n<script type=\"application\/ld+json\" class=\"yoast-schema-graph\">{\"@context\":\"https:\\\/\\\/schema.org\",\"@graph\":[{\"@type\":\"NewsArticle\",\"@id\":\"https:\\\/\\\/miklostv.com\\\/new\\\/2019\\\/06\\\/20\\\/julius-1-en-a-koztisztviseloi-napon-zarva-lesz-a-polgarmesteri-hivatal\\\/#article\",\"isPartOf\":{\"@id\":\"https:\\\/\\\/miklostv.com\\\/new\\\/2019\\\/06\\\/20\\\/julius-1-en-a-koztisztviseloi-napon-zarva-lesz-a-polgarmesteri-hivatal\\\/\"},\"author\":{\"name\":\"S\u00e1ndor\",\"@id\":\"https:\\\/\\\/miklostv.com\\\/new\\\/#\\\/schema\\\/person\\\/6339cdd0bbd336ec6345812e3958be3b\"},\"headline\":\"J\u00daLIUS 1-J\u00c9N A K\u00d6ZTISZTVISEL\u0150I NAPON Z\u00c1RVA LESZ A POLG\u00c1RMESTERI HIVATAL\",\"datePublished\":\"2019-06-20T20:07:27+00:00\",\"dateModified\":\"2023-02-06T21:56:09+00:00\",\"mainEntityOfPage\":{\"@id\":\"https:\\\/\\\/miklostv.com\\\/new\\\/2019\\\/06\\\/20\\\/julius-1-en-a-koztisztviseloi-napon-zarva-lesz-a-polgarmesteri-hivatal\\\/\"},\"wordCount\":241,\"commentCount\":0,\"image\":{\"@id\":\"https:\\\/\\\/miklostv.com\\\/new\\\/2019\\\/06\\\/20\\\/julius-1-en-a-koztisztviseloi-napon-zarva-lesz-a-polgarmesteri-hivatal\\\/#primaryimage\"},\"thumbnailUrl\":\"https:\\\/\\\/miklostv.com\\\/new\\\/wp-content\\\/uploads\\\/2019\\\/06\\\/30441243_2057710074475040_7744159934035525632_o.jpg\",\"articleSection\":[\"A l\u00e9nyeg r\u00f6viden\"],\"inLanguage\":\"hu\"},{\"@type\":\"WebPage\",\"@id\":\"https:\\\/\\\/miklostv.com\\\/new\\\/2019\\\/06\\\/20\\\/julius-1-en-a-koztisztviseloi-napon-zarva-lesz-a-polgarmesteri-hivatal\\\/\",\"url\":\"https:\\\/\\\/miklostv.com\\\/new\\\/2019\\\/06\\\/20\\\/julius-1-en-a-koztisztviseloi-napon-zarva-lesz-a-polgarmesteri-hivatal\\\/\",\"name\":\"J\u00daLIUS 1-J\u00c9N A K\u00d6ZTISZTVISEL\u0150I NAPON Z\u00c1RVA LESZ A POLG\u00c1RMESTERI HIVATAL - Mikl\u00f3s TV\",\"isPartOf\":{\"@id\":\"https:\\\/\\\/miklostv.com\\\/new\\\/#website\"},\"primaryImageOfPage\":{\"@id\":\"https:\\\/\\\/miklostv.com\\\/new\\\/2019\\\/06\\\/20\\\/julius-1-en-a-koztisztviseloi-napon-zarva-lesz-a-polgarmesteri-hivatal\\\/#primaryimage\"},\"image\":{\"@id\":\"https:\\\/\\\/miklostv.com\\\/new\\\/2019\\\/06\\\/20\\\/julius-1-en-a-koztisztviseloi-napon-zarva-lesz-a-polgarmesteri-hivatal\\\/#primaryimage\"},\"thumbnailUrl\":\"https:\\\/\\\/miklostv.com\\\/new\\\/wp-content\\\/uploads\\\/2019\\\/06\\\/30441243_2057710074475040_7744159934035525632_o.jpg\",\"datePublished\":\"2019-06-20T20:07:27+00:00\",\"dateModified\":\"2023-02-06T21:56:09+00:00\",\"author\":{\"@id\":\"https:\\\/\\\/miklostv.com\\\/new\\\/#\\\/schema\\\/person\\\/6339cdd0bbd336ec6345812e3958be3b\"},\"breadcrumb\":{\"@id\":\"https:\\\/\\\/miklostv.com\\\/new\\\/2019\\\/06\\\/20\\\/julius-1-en-a-koztisztviseloi-napon-zarva-lesz-a-polgarmesteri-hivatal\\\/#breadcrumb\"},\"inLanguage\":\"hu\",\"potentialAction\":[{\"@type\":\"ReadAction\",\"target\":[\"https:\\\/\\\/miklostv.com\\\/new\\\/2019\\\/06\\\/20\\\/julius-1-en-a-koztisztviseloi-napon-zarva-lesz-a-polgarmesteri-hivatal\\\/\"]}]},{\"@type\":\"ImageObject\",\"inLanguage\":\"hu\",\"@id\":\"https:\\\/\\\/miklostv.com\\\/new\\\/2019\\\/06\\\/20\\\/julius-1-en-a-koztisztviseloi-napon-zarva-lesz-a-polgarmesteri-hivatal\\\/#primaryimage\",\"url\":\"https:\\\/\\\/miklostv.com\\\/new\\\/wp-content\\\/uploads\\\/2019\\\/06\\\/30441243_2057710074475040_7744159934035525632_o.jpg\",\"contentUrl\":\"https:\\\/\\\/miklostv.com\\\/new\\\/wp-content\\\/uploads\\\/2019\\\/06\\\/30441243_2057710074475040_7744159934035525632_o.jpg\",\"width\":1023,\"height\":682,\"caption\":\"30441243_2057710074475040_7744159934035525632_o.jpg\"},{\"@type\":\"BreadcrumbList\",\"@id\":\"https:\\\/\\\/miklostv.com\\\/new\\\/2019\\\/06\\\/20\\\/julius-1-en-a-koztisztviseloi-napon-zarva-lesz-a-polgarmesteri-hivatal\\\/#breadcrumb\",\"itemListElement\":[{\"@type\":\"ListItem\",\"position\":1,\"name\":\"Kezd\u0151lap\",\"item\":\"https:\\\/\\\/miklostv.com\\\/new\\\/\"},{\"@type\":\"ListItem\",\"position\":2,\"name\":\"J\u00daLIUS 1-J\u00c9N A K\u00d6ZTISZTVISEL\u0150I NAPON Z\u00c1RVA LESZ A POLG\u00c1RMESTERI HIVATAL\"}]},{\"@type\":\"WebSite\",\"@id\":\"https:\\\/\\\/miklostv.com\\\/new\\\/#website\",\"url\":\"https:\\\/\\\/miklostv.com\\\/new\\\/\",\"name\":\"Mikl\u00f3s TV\",\"description\":\"Mikl\u00f3s TV\",\"potentialAction\":[{\"@type\":\"SearchAction\",\"target\":{\"@type\":\"EntryPoint\",\"urlTemplate\":\"https:\\\/\\\/miklostv.com\\\/new\\\/?s={search_term_string}\"},\"query-input\":{\"@type\":\"PropertyValueSpecification\",\"valueRequired\":true,\"valueName\":\"search_term_string\"}}],\"inLanguage\":\"hu\"},{\"@type\":\"Person\",\"@id\":\"https:\\\/\\\/miklostv.com\\\/new\\\/#\\\/schema\\\/person\\\/6339cdd0bbd336ec6345812e3958be3b\",\"name\":\"S\u00e1ndor\",\"sameAs\":[\"https:\\\/\\\/miklostv.com\\\/new\"],\"url\":\"https:\\\/\\\/miklostv.com\\\/new\\\/author\\\/sanyi\\\/\"}]}<\/script>\n<!-- \/ Yoast SEO plugin. -->","yoast_head_json":{"title":"J\u00daLIUS 1-J\u00c9N A K\u00d6ZTISZTVISEL\u0150I NAPON Z\u00c1RVA LESZ A POLG\u00c1RMESTERI HIVATAL - Mikl\u00f3s TV","robots":{"index":"index","follow":"follow","max-snippet":"max-snippet:-1","max-image-preview":"max-image-preview:large","max-video-preview":"max-video-preview:-1"},"canonical":"https:\/\/miklostv.com\/new\/2019\/06\/20\/julius-1-en-a-koztisztviseloi-napon-zarva-lesz-a-polgarmesteri-hivatal\/","og_locale":"hu_HU","og_type":"article","og_title":"J\u00daLIUS 1-J\u00c9N A K\u00d6ZTISZTVISEL\u0150I NAPON Z\u00c1RVA LESZ A POLG\u00c1RMESTERI HIVATAL - Mikl\u00f3s TV","og_description":"T\u00e1j\u00e9koztatjuk a lakoss\u00e1got, tisztelt \u00fcgyfeleinket, hogy T\u00f6r\u00f6kszentmikl\u00f3s V\u00e1rosi \u00d6nkorm\u00e1nyzat a 18\/2017(VI.30) \u00d6r. sz\u00e1m\u00fa&nbsp; rendelet\u00e9ben j\u00falius 1-j\u00e9t munkasz\u00fcneti napp\u00e1 nyilv\u00e1n\u00edtotta a Polg\u00e1rmesteri Hivatal k\u00f6ztisztvisel\u0151i sz\u00e1m\u00e1ra. &nbsp; &nbsp; J\u00falius 1-j\u00e9n ( h\u00e9tf\u0151) &nbsp;nem lesz \u00fcgyf\u00e9lfogad\u00e1s, a hivatal z\u00e1rva tart.&nbsp; &nbsp; &nbsp; T\u00e1j\u00e9koztatjuk \u00d6n\u00f6ket arr\u00f3l is, hogy j\u00falius 1-e Semmelweis Nap is, mely az eg\u00e9szs\u00e9g\u00fcgyi dolgoz\u00f3k sz\u00e1m\u00e1ra munkasz\u00fcneti nap. Az eg\u00e9szs\u00e9g\u00fcgyi int\u00e9zm\u00e9nyek az \u00fcgyeleti rend szerint m\u0171k\u00f6dnek, a h\u00e1ziorvosi \u00e9s szakrendel\u00e9sek sz\u00fcnetelnek. T\u00f6r\u00f6kszentmikl\u00f3son az EGYMI a h\u00e9tv\u00e9gi illetve \u00fcnnepnapi \u00fcgylet szerint \u00e1ll a lakoss\u00e1g rendelkez\u00e9s\u00e9re. Meg\u00e9rt\u00e9s\u00fcket \u00e9s t\u00fcrelm\u00fcket k\u00f6sz\u00f6nj\u00fck! &nbsp;&nbsp;&nbsp;&nbsp;&nbsp;&nbsp;&nbsp;&nbsp;&nbsp;&nbsp;&nbsp;&nbsp;&nbsp;&nbsp;&nbsp;&nbsp;&nbsp;&nbsp;&nbsp;&nbsp;&nbsp;&nbsp;&nbsp;&nbsp;&nbsp;&nbsp;&nbsp;&nbsp;&nbsp;&nbsp;&nbsp;&nbsp;&nbsp;&nbsp;&nbsp;&nbsp;&nbsp;&nbsp;&nbsp;&nbsp;&nbsp;&nbsp;&nbsp;&nbsp;&nbsp;&nbsp;&nbsp;&nbsp;&nbsp;&nbsp;&nbsp;&nbsp;&nbsp;&nbsp;&nbsp;&nbsp;&nbsp;&nbsp;&nbsp;&nbsp;&nbsp;&nbsp;&nbsp;&nbsp;&nbsp;&nbsp;&nbsp;&nbsp;&nbsp;&nbsp; Polg\u00e1rmesteri Hivatal","og_url":"https:\/\/miklostv.com\/new\/2019\/06\/20\/julius-1-en-a-koztisztviseloi-napon-zarva-lesz-a-polgarmesteri-hivatal\/","og_site_name":"Mikl\u00f3s TV","article_published_time":"2019-06-20T20:07:27+00:00","article_modified_time":"2023-02-06T21:56:09+00:00","og_image":[{"width":1023,"height":682,"url":"https:\/\/miklostv.com\/new\/wp-content\/uploads\/2019\/06\/30441243_2057710074475040_7744159934035525632_o.jpg","type":"image\/jpeg"}],"author":"S\u00e1ndor","twitter_card":"summary_large_image","twitter_misc":{"Szerz\u0151:":"S\u00e1ndor","Becs\u00fclt olvas\u00e1si id\u0151":"1 perc"},"schema":{"@context":"https:\/\/schema.org","@graph":[{"@type":"NewsArticle","@id":"https:\/\/miklostv.com\/new\/2019\/06\/20\/julius-1-en-a-koztisztviseloi-napon-zarva-lesz-a-polgarmesteri-hivatal\/#article","isPartOf":{"@id":"https:\/\/miklostv.com\/new\/2019\/06\/20\/julius-1-en-a-koztisztviseloi-napon-zarva-lesz-a-polgarmesteri-hivatal\/"},"author":{"name":"S\u00e1ndor","@id":"https:\/\/miklostv.com\/new\/#\/schema\/person\/6339cdd0bbd336ec6345812e3958be3b"},"headline":"J\u00daLIUS 1-J\u00c9N A K\u00d6ZTISZTVISEL\u0150I NAPON Z\u00c1RVA LESZ A POLG\u00c1RMESTERI HIVATAL","datePublished":"2019-06-20T20:07:27+00:00","dateModified":"2023-02-06T21:56:09+00:00","mainEntityOfPage":{"@id":"https:\/\/miklostv.com\/new\/2019\/06\/20\/julius-1-en-a-koztisztviseloi-napon-zarva-lesz-a-polgarmesteri-hivatal\/"},"wordCount":241,"commentCount":0,"image":{"@id":"https:\/\/miklostv.com\/new\/2019\/06\/20\/julius-1-en-a-koztisztviseloi-napon-zarva-lesz-a-polgarmesteri-hivatal\/#primaryimage"},"thumbnailUrl":"https:\/\/miklostv.com\/new\/wp-content\/uploads\/2019\/06\/30441243_2057710074475040_7744159934035525632_o.jpg","articleSection":["A l\u00e9nyeg r\u00f6viden"],"inLanguage":"hu"},{"@type":"WebPage","@id":"https:\/\/miklostv.com\/new\/2019\/06\/20\/julius-1-en-a-koztisztviseloi-napon-zarva-lesz-a-polgarmesteri-hivatal\/","url":"https:\/\/miklostv.com\/new\/2019\/06\/20\/julius-1-en-a-koztisztviseloi-napon-zarva-lesz-a-polgarmesteri-hivatal\/","name":"J\u00daLIUS 1-J\u00c9N A K\u00d6ZTISZTVISEL\u0150I NAPON Z\u00c1RVA LESZ A POLG\u00c1RMESTERI HIVATAL - Mikl\u00f3s TV","isPartOf":{"@id":"https:\/\/miklostv.com\/new\/#website"},"primaryImageOfPage":{"@id":"https:\/\/miklostv.com\/new\/2019\/06\/20\/julius-1-en-a-koztisztviseloi-napon-zarva-lesz-a-polgarmesteri-hivatal\/#primaryimage"},"image":{"@id":"https:\/\/miklostv.com\/new\/2019\/06\/20\/julius-1-en-a-koztisztviseloi-napon-zarva-lesz-a-polgarmesteri-hivatal\/#primaryimage"},"thumbnailUrl":"https:\/\/miklostv.com\/new\/wp-content\/uploads\/2019\/06\/30441243_2057710074475040_7744159934035525632_o.jpg","datePublished":"2019-06-20T20:07:27+00:00","dateModified":"2023-02-06T21:56:09+00:00","author":{"@id":"https:\/\/miklostv.com\/new\/#\/schema\/person\/6339cdd0bbd336ec6345812e3958be3b"},"breadcrumb":{"@id":"https:\/\/miklostv.com\/new\/2019\/06\/20\/julius-1-en-a-koztisztviseloi-napon-zarva-lesz-a-polgarmesteri-hivatal\/#breadcrumb"},"inLanguage":"hu","potentialAction":[{"@type":"ReadAction","target":["https:\/\/miklostv.com\/new\/2019\/06\/20\/julius-1-en-a-koztisztviseloi-napon-zarva-lesz-a-polgarmesteri-hivatal\/"]}]},{"@type":"ImageObject","inLanguage":"hu","@id":"https:\/\/miklostv.com\/new\/2019\/06\/20\/julius-1-en-a-koztisztviseloi-napon-zarva-lesz-a-polgarmesteri-hivatal\/#primaryimage","url":"https:\/\/miklostv.com\/new\/wp-content\/uploads\/2019\/06\/30441243_2057710074475040_7744159934035525632_o.jpg","contentUrl":"https:\/\/miklostv.com\/new\/wp-content\/uploads\/2019\/06\/30441243_2057710074475040_7744159934035525632_o.jpg","width":1023,"height":682,"caption":"30441243_2057710074475040_7744159934035525632_o.jpg"},{"@type":"BreadcrumbList","@id":"https:\/\/miklostv.com\/new\/2019\/06\/20\/julius-1-en-a-koztisztviseloi-napon-zarva-lesz-a-polgarmesteri-hivatal\/#breadcrumb","itemListElement":[{"@type":"ListItem","position":1,"name":"Kezd\u0151lap","item":"https:\/\/miklostv.com\/new\/"},{"@type":"ListItem","position":2,"name":"J\u00daLIUS 1-J\u00c9N A K\u00d6ZTISZTVISEL\u0150I NAPON Z\u00c1RVA LESZ A POLG\u00c1RMESTERI HIVATAL"}]},{"@type":"WebSite","@id":"https:\/\/miklostv.com\/new\/#website","url":"https:\/\/miklostv.com\/new\/","name":"Mikl\u00f3s TV","description":"Mikl\u00f3s TV","potentialAction":[{"@type":"SearchAction","target":{"@type":"EntryPoint","urlTemplate":"https:\/\/miklostv.com\/new\/?s={search_term_string}"},"query-input":{"@type":"PropertyValueSpecification","valueRequired":true,"valueName":"search_term_string"}}],"inLanguage":"hu"},{"@type":"Person","@id":"https:\/\/miklostv.com\/new\/#\/schema\/person\/6339cdd0bbd336ec6345812e3958be3b","name":"S\u00e1ndor","sameAs":["https:\/\/miklostv.com\/new"],"url":"https:\/\/miklostv.com\/new\/author\/sanyi\/"}]}},"_links":{"self":[{"href":"https:\/\/miklostv.com\/new\/wp-json\/wp\/v2\/posts\/3469","targetHints":{"allow":["GET"]}}],"collection":[{"href":"https:\/\/miklostv.com\/new\/wp-json\/wp\/v2\/posts"}],"about":[{"href":"https:\/\/miklostv.com\/new\/wp-json\/wp\/v2\/types\/post"}],"author":[{"embeddable":true,"href":"https:\/\/miklostv.com\/new\/wp-json\/wp\/v2\/users\/1"}],"replies":[{"embeddable":true,"href":"https:\/\/miklostv.com\/new\/wp-json\/wp\/v2\/comments?post=3469"}],"version-history":[{"count":1,"href":"https:\/\/miklostv.com\/new\/wp-json\/wp\/v2\/posts\/3469\/revisions"}],"predecessor-version":[{"id":7308,"href":"https:\/\/miklostv.com\/new\/wp-json\/wp\/v2\/posts\/3469\/revisions\/7308"}],"wp:featuredmedia":[{"embeddable":true,"href":"https:\/\/miklostv.com\/new\/wp-json\/wp\/v2\/media\/3468"}],"wp:attachment":[{"href":"https:\/\/miklostv.com\/new\/wp-json\/wp\/v2\/media?parent=3469"}],"wp:term":[{"taxonomy":"category","embeddable":true,"href":"https:\/\/miklostv.com\/new\/wp-json\/wp\/v2\/categories?post=3469"},{"taxonomy":"post_tag","embeddable":true,"href":"https:\/\/miklostv.com\/new\/wp-json\/wp\/v2\/tags?post=3469"}],"curies":[{"name":"wp","href":"https:\/\/api.w.org\/{rel}","templated":true}]}}