{"id":3464,"date":"2019-06-13T15:16:00","date_gmt":"2019-06-13T15:16:00","guid":{"rendered":"https:\/\/miklostv.com\/new\/2019\/06\/13\/mit-csinaljunk-a-gyerekkel-nyaron-csaladi-vakacio-unalmas-percek-nelkul\/"},"modified":"2019-06-13T15:16:00","modified_gmt":"2019-06-13T15:16:00","slug":"mit-csinaljunk-a-gyerekkel-nyaron-csaladi-vakacio-unalmas-percek-nelkul","status":"publish","type":"post","link":"https:\/\/miklostv.com\/new\/2019\/06\/13\/mit-csinaljunk-a-gyerekkel-nyaron-csaladi-vakacio-unalmas-percek-nelkul\/","title":{"rendered":"MIT CSIN\u00c1LJUNK A GYEREKKEL NY\u00c1RON? &#8211; CSAL\u00c1DI VAK\u00c1CI\u00d3 UNALMAS PERCEK N\u00c9LK\u00dcL"},"content":{"rendered":"<\/p>\n<p><strong>Nyakunkon a ny\u00e1ri sz\u00fcnet, amely a gyerekek sz\u00e1m\u00e1ra az egyik legvid\u00e1mabb id\u0151szak kezdete. Azonban, a hossz\u00fa ny\u00e1ri napok hamar unalmass\u00e1 v\u00e1lhatnak a megszokott h\u00e9tk\u00f6znapi rutin ut\u00e1n. A Europcar Aut\u00f3k\u00f6lcs\u00f6nz\u0151 most \u00f6sszegy\u0171jt\u00f6tte, hogy mivel k\u00f6thetj\u00fck le a lurk\u00f3kat, hogy kihozzuk a ny\u00e1ri h\u00f3napokb\u00f3l a legt\u00f6bbet, el\u0171zz\u00fck az unalmas perceket \u00e9s k\u00f6zben k\u00f6z\u00f6s \u00e9lm\u00e9nyeket szerezz\u00fcnk, felejthetetlenn\u00e9 t\u00e9ve ezzel a vak\u00e1ci\u00f3t az eg\u00e9sz csal\u00e1d sz\u00e1m\u00e1ra. <\/strong><\/p>\n<p>A sz\u00fcl\u0151knek \u00e1ltal\u00e1ban \u00f3ri\u00e1si fejt\u00f6r\u00e9st okoz, hogy mit kezdjen a gyerek\u00e9vel a ny\u00e1ri h\u00f3napokban. Haszn\u00e1ljuk fel ezt az id\u0151szakot arra, hogy k\u00f6z\u00f6s \u00e9lm\u00e9nyeket szerezzen a csal\u00e1d, aminek k\u00f6sz\u00f6nhet\u0151en m\u00e9g ink\u00e1bb elm\u00e9ly\u00edthetj\u00fck a kapcsolatunkat a gyerekeinkkel.<\/p>\n<p>Aut\u00f3val el\u00e9rhet\u0151 csod\u00e1s itthoni kir\u00e1ndul\u00f3helyek:<\/p>\n<ul>\n<li>Lillaf\u00fcredi-v\u00edzes\u00e9s, amely 20 m\u00e9teres magass\u00e1g\u00e1val friss\u00edt\u0151 l\u00e1tv\u00e1nyk\u00e9nt t\u00e1rul el\u00e9nk a ny\u00e1ri h\u0151s\u00e9gben. A v\u00edzes\u00e9s f\u00e1tyla m\u00f6g\u00f6tt tal\u00e1lhat\u00f3 Anna-barlangot sem \u00e9rdemes kihagyni, hiszen ez haz\u00e1nk egyik egyedi term\u00e9szeti \u00e9rt\u00e9ke.<\/li>\n<li>A Zempl\u00e9ni t\u00e1j egyik \u00e9rdekess\u00e9ge, a Boldogk\u0151 V\u00e1ra ny\u00e1ron is v\u00e1rja a l\u00e1togat\u00f3kat pazar kil\u00e1t\u00e1ss\u00e1l, t\u00e1rlatvezet\u00e9ssel \u00e9s k\u00f6z\u00e9pkori v\u00e1rj\u00e1t\u00e9kokkal.<\/li>\n<li>Szigetk\u00f6z a term\u00e9szet szerelmeseinek paradicsoma \u00e9s Magyarorsz\u00e1g legnagyobb szigete. Sokan azt is mondj\u00e1k r\u00e1: a &#8220;Duna aj\u00e1nd\u00e9ka&#8221;. L\u00e1perd\u0151k, mocs\u00e1rr\u00e9tek, ligeterd\u0151k bor\u00edtj\u00e1k, \u00e1llat- \u00e9s n\u00f6v\u00e9nyvil\u00e1ga pedig p\u00e1ratlan. A nedves k\u00f6rnyezetben rengetegf\u00e9le k\u00e9t\u00e9lt\u0171, hal, lepke \u00e9s mad\u00e1r tal\u00e1l otthonra. A vadreg\u00e9nyes t\u00e1j az eg\u00e9sz csal\u00e1d sz\u00e1m\u00e1ra kihagyhatatlan, hiszen nem csak sz\u00e1razf\u00f6ldi-, hanem v\u00edzit\u00far\u00e1knak is t\u00f6k\u00e9letes helysz\u00ednt biztos\u00edt.<\/li>\n<li>A Tapolcai-tavasbarlang, az egyetlen olyan barlang haz\u00e1nkban, amelyet cs\u00f3nakkal lehet bej\u00e1rni. Itt az id\u0151 h\u00e1t, hogy a csal\u00e1dban mindenki evez\u0151t ragadjon, \u00e9s k\u00f6z\u00f6sen gy\u00f6ny\u00f6rk\u00f6dj\u00f6n a felt\u00f6r\u0151 melegv\u00edz alkotta j\u00e1ratokban.<\/li>\n<li>A Tihanyi levendul\u00e1s egyszerre t\u00f6bb \u00e9rz\u00e9kszerv\u00fcnkre hatva k\u00e1pr\u00e1ztat el benn\u00fcnket. A Szedd Magad! program keretein bel\u00fcl pedig mindannyian bej\u00e1rhatjuk a hatalmas levendula mez\u0151ket, amely k\u00fcl\u00f6n\u00f6sen sz\u00f3rakoztat\u00f3 programm\u00e1 v\u00e1lhat a fiatalabb gyerekek sz\u00e1m\u00e1ra is, hiszen ki ne im\u00e1dna szaladg\u00e1lni a v\u00e9gtelen mez\u0151k\u00f6n.<\/li>\n<li>A Tisza-tavi \u00d6kocentrum \u00e9s V\u00edzi S\u00e9t\u00e1nyt megl\u00e1togatva el\u00e9nk t\u00e1rulnak a Tisza-v\u00f6lgy term\u00e9szeti kincsei, amelyeket ak\u00e1r s\u00e9t\u00e1val, ak\u00e1r haj\u00f3val is megcsod\u00e1lhatunk. Az \u00d6kocentrumban tal\u00e1lhat\u00f3 \u00e9desv\u00edzi akv\u00e1riumban pedig megismerhetj\u00fck a Tisza-t\u00f3 egyed\u00fcl\u00e1ll\u00f3 \u00e9l\u0151vil\u00e1g\u00e1t.<\/li>\n<\/ul>\n<p><img decoding=\"async\" class=\" alignleft size-full wp-image-3463\" style=\"float: left;\" src=\"https:\/\/miklostv.com\/new\/wp-content\/uploads\/2019\/06\/Europcar_logo_logotype.png\" alt=\"Europcar logo logotype\" width=\"207\" height=\"79\" srcset=\"https:\/\/miklostv.com\/new\/wp-content\/uploads\/2019\/06\/Europcar_logo_logotype.png 5000w, https:\/\/miklostv.com\/new\/wp-content\/uploads\/2019\/06\/Europcar_logo_logotype-300x115.png 300w, https:\/\/miklostv.com\/new\/wp-content\/uploads\/2019\/06\/Europcar_logo_logotype-1024x392.png 1024w, https:\/\/miklostv.com\/new\/wp-content\/uploads\/2019\/06\/Europcar_logo_logotype-768x294.png 768w, https:\/\/miklostv.com\/new\/wp-content\/uploads\/2019\/06\/Europcar_logo_logotype-1536x588.png 1536w, https:\/\/miklostv.com\/new\/wp-content\/uploads\/2019\/06\/Europcar_logo_logotype-2048x784.png 2048w\" sizes=\"(max-width: 207px) 100vw, 207px\" \/>Amennyiben nincs olyan aut\u00f3, amivel \u00fatra tudn\u00e1nk kelni, akkor sem kell lemondani az utaz\u00e1sr\u00f3l. A Europcar Aut\u00f3k\u00f6lcs\u00f6nz\u0151n\u00e9l, ak\u00e1r m\u00e1r egy napra kib\u00e9relhetj\u00fck az utaz\u00e1sunknak megfelel\u0151 g\u00e9pj\u00e1rm\u0171vet. Hogy utaz\u00e1s k\u00f6zben is hasznosan teljen az aut\u00f3ban t\u00f6lt\u00f6tt id\u0151, j\u00e1t\u00e9kos m\u00f3don tan\u00edtsuk meg a t\u00e1bl\u00e1kat a gyerekeknek. \u00datkeresztez\u0151d\u00e9sekhez \u00e9rve, p\u00e9ld\u00e1ul ismertethetj\u00fck a k\u00fcl\u00f6nb\u00f6z\u0151 k\u00f6zleked\u00e9si t\u00e1bl\u00e1k jelent\u00e9s\u00e9t, hogy kinek van els\u0151bbs\u00e9ge \u00e9s, hogy hogyan k\u00f6zel\u00edts\u00fck meg szab\u00e1lyosan a vas\u00fati \u00e1tj\u00e1r\u00f3kat.<\/p>\n<p>Azonban, ha \u00e9ppen nincs kedv\u00fcnk utazni, egy k\u00f6z\u00f6s aut\u00f3mos\u00e1s is m\u00f3k\u00e1s program lehet a t\u0171z\u0151 napon. F\u00fcrd\u0151ruh\u00e1ba \u00f6lt\u00f6zve vegy\u00fck kez\u00fcnkbe a slagot, hiszen ilyenkor mindannyian nyugodtan vizesek lehet\u00fcnk.<\/p>\n<p>Ha \u00e9ppen nincs lehet\u0151s\u00e9g\u00fcnk arra, hogy elutazzunk, t\u00e9rk\u00e9pezz\u00fck fel a k\u00f6rnyezet\u00fcnkben l\u00e9v\u0151 helysz\u00edneket \u00e9s programokat, amelyeket id\u0151j\u00e1r\u00e1s f\u00fcggv\u00e9ny\u00e9ben be tudunk vetni.<\/p>\n","protected":false},"excerpt":{"rendered":"<p>Nyakunkon a ny\u00e1ri sz\u00fcnet, amely a gyerekek sz\u00e1m\u00e1ra az egyik legvid\u00e1mabb id\u0151szak kezdete. Azonban, a hossz\u00fa ny\u00e1ri napok hamar unalmass\u00e1 v\u00e1lhatnak a megszokott h\u00e9tk\u00f6znapi rutin ut\u00e1n. A Europcar Aut\u00f3k\u00f6lcs\u00f6nz\u0151 most \u00f6sszegy\u0171jt\u00f6tte, hogy mivel k\u00f6thetj\u00fck le a lurk\u00f3kat, hogy kihozzuk a ny\u00e1ri h\u00f3napokb\u00f3l a legt\u00f6bbet, el\u0171zz\u00fck az unalmas perceket \u00e9s k\u00f6zben k\u00f6z\u00f6s \u00e9lm\u00e9nyeket szerezz\u00fcnk, felejthetetlenn\u00e9 t\u00e9ve ezzel a vak\u00e1ci\u00f3t az eg\u00e9sz csal\u00e1d sz\u00e1m\u00e1ra. A sz\u00fcl\u0151knek \u00e1ltal\u00e1ban \u00f3ri\u00e1si fejt\u00f6r\u00e9st okoz, hogy mit kezdjen a gyerek\u00e9vel a ny\u00e1ri h\u00f3napokban. Haszn\u00e1ljuk fel ezt az id\u0151szakot arra, hogy k\u00f6z\u00f6s \u00e9lm\u00e9nyeket szerezzen a csal\u00e1d, aminek k\u00f6sz\u00f6nhet\u0151en&hellip;<\/p>\n","protected":false},"author":1,"featured_media":3462,"comment_status":"open","ping_status":"open","sticky":false,"template":"","format":"standard","meta":{"fifu_image_url":"","fifu_image_alt":"","footnotes":""},"categories":[50],"tags":[],"class_list":["post-3464","post","type-post","status-publish","format-standard","has-post-thumbnail","hentry","category-varoson-tul"],"gutentor_comment":0,"yoast_head":"<!-- This site is optimized with the Yoast SEO plugin v27.5 - https:\/\/yoast.com\/product\/yoast-seo-wordpress\/ -->\n<title>MIT CSIN\u00c1LJUNK A GYEREKKEL NY\u00c1RON? - CSAL\u00c1DI VAK\u00c1CI\u00d3 UNALMAS PERCEK N\u00c9LK\u00dcL - Mikl\u00f3s TV<\/title>\n<meta name=\"robots\" content=\"index, follow, max-snippet:-1, max-image-preview:large, max-video-preview:-1\" \/>\n<link rel=\"canonical\" href=\"https:\/\/miklostv.com\/new\/2019\/06\/13\/mit-csinaljunk-a-gyerekkel-nyaron-csaladi-vakacio-unalmas-percek-nelkul\/\" \/>\n<meta property=\"og:locale\" content=\"hu_HU\" \/>\n<meta property=\"og:type\" content=\"article\" \/>\n<meta property=\"og:title\" content=\"MIT CSIN\u00c1LJUNK A GYEREKKEL NY\u00c1RON? - CSAL\u00c1DI VAK\u00c1CI\u00d3 UNALMAS PERCEK N\u00c9LK\u00dcL - Mikl\u00f3s TV\" \/>\n<meta property=\"og:description\" content=\"Nyakunkon a ny\u00e1ri sz\u00fcnet, amely a gyerekek sz\u00e1m\u00e1ra az egyik legvid\u00e1mabb id\u0151szak kezdete. Azonban, a hossz\u00fa ny\u00e1ri napok hamar unalmass\u00e1 v\u00e1lhatnak a megszokott h\u00e9tk\u00f6znapi rutin ut\u00e1n. A Europcar Aut\u00f3k\u00f6lcs\u00f6nz\u0151 most \u00f6sszegy\u0171jt\u00f6tte, hogy mivel k\u00f6thetj\u00fck le a lurk\u00f3kat, hogy kihozzuk a ny\u00e1ri h\u00f3napokb\u00f3l a legt\u00f6bbet, el\u0171zz\u00fck az unalmas perceket \u00e9s k\u00f6zben k\u00f6z\u00f6s \u00e9lm\u00e9nyeket szerezz\u00fcnk, felejthetetlenn\u00e9 t\u00e9ve ezzel a vak\u00e1ci\u00f3t az eg\u00e9sz csal\u00e1d sz\u00e1m\u00e1ra. A sz\u00fcl\u0151knek \u00e1ltal\u00e1ban \u00f3ri\u00e1si fejt\u00f6r\u00e9st okoz, hogy mit kezdjen a gyerek\u00e9vel a ny\u00e1ri h\u00f3napokban. Haszn\u00e1ljuk fel ezt az id\u0151szakot arra, hogy k\u00f6z\u00f6s \u00e9lm\u00e9nyeket szerezzen a csal\u00e1d, aminek k\u00f6sz\u00f6nhet\u0151en&hellip;\" \/>\n<meta property=\"og:url\" content=\"https:\/\/miklostv.com\/new\/2019\/06\/13\/mit-csinaljunk-a-gyerekkel-nyaron-csaladi-vakacio-unalmas-percek-nelkul\/\" \/>\n<meta property=\"og:site_name\" content=\"Mikl\u00f3s TV\" \/>\n<meta property=\"article:published_time\" content=\"2019-06-13T15:16:00+00:00\" \/>\n<meta property=\"og:image\" content=\"https:\/\/miklostv.com\/new\/wp-content\/uploads\/2019\/06\/nyaralas.jpg\" \/>\n\t<meta property=\"og:image:width\" content=\"479\" \/>\n\t<meta property=\"og:image:height\" content=\"264\" \/>\n\t<meta property=\"og:image:type\" content=\"image\/jpeg\" \/>\n<meta name=\"author\" content=\"S\u00e1ndor\" \/>\n<meta name=\"twitter:card\" content=\"summary_large_image\" \/>\n<meta name=\"twitter:label1\" content=\"Szerz\u0151:\" \/>\n\t<meta name=\"twitter:data1\" content=\"S\u00e1ndor\" \/>\n\t<meta name=\"twitter:label2\" content=\"Becs\u00fclt olvas\u00e1si id\u0151\" \/>\n\t<meta name=\"twitter:data2\" content=\"4 perc\" \/>\n<script type=\"application\/ld+json\" class=\"yoast-schema-graph\">{\"@context\":\"https:\\\/\\\/schema.org\",\"@graph\":[{\"@type\":\"NewsArticle\",\"@id\":\"https:\\\/\\\/miklostv.com\\\/new\\\/2019\\\/06\\\/13\\\/mit-csinaljunk-a-gyerekkel-nyaron-csaladi-vakacio-unalmas-percek-nelkul\\\/#article\",\"isPartOf\":{\"@id\":\"https:\\\/\\\/miklostv.com\\\/new\\\/2019\\\/06\\\/13\\\/mit-csinaljunk-a-gyerekkel-nyaron-csaladi-vakacio-unalmas-percek-nelkul\\\/\"},\"author\":{\"name\":\"S\u00e1ndor\",\"@id\":\"https:\\\/\\\/miklostv.com\\\/new\\\/#\\\/schema\\\/person\\\/6339cdd0bbd336ec6345812e3958be3b\"},\"headline\":\"MIT CSIN\u00c1LJUNK A GYEREKKEL NY\u00c1RON? &#8211; CSAL\u00c1DI VAK\u00c1CI\u00d3 UNALMAS PERCEK N\u00c9LK\u00dcL\",\"datePublished\":\"2019-06-13T15:16:00+00:00\",\"mainEntityOfPage\":{\"@id\":\"https:\\\/\\\/miklostv.com\\\/new\\\/2019\\\/06\\\/13\\\/mit-csinaljunk-a-gyerekkel-nyaron-csaladi-vakacio-unalmas-percek-nelkul\\\/\"},\"wordCount\":722,\"commentCount\":0,\"image\":{\"@id\":\"https:\\\/\\\/miklostv.com\\\/new\\\/2019\\\/06\\\/13\\\/mit-csinaljunk-a-gyerekkel-nyaron-csaladi-vakacio-unalmas-percek-nelkul\\\/#primaryimage\"},\"thumbnailUrl\":\"https:\\\/\\\/miklostv.com\\\/new\\\/wp-content\\\/uploads\\\/2019\\\/06\\\/nyaralas.jpg\",\"articleSection\":[\"V\u00e1roson t\u00fal\"],\"inLanguage\":\"hu\"},{\"@type\":\"WebPage\",\"@id\":\"https:\\\/\\\/miklostv.com\\\/new\\\/2019\\\/06\\\/13\\\/mit-csinaljunk-a-gyerekkel-nyaron-csaladi-vakacio-unalmas-percek-nelkul\\\/\",\"url\":\"https:\\\/\\\/miklostv.com\\\/new\\\/2019\\\/06\\\/13\\\/mit-csinaljunk-a-gyerekkel-nyaron-csaladi-vakacio-unalmas-percek-nelkul\\\/\",\"name\":\"MIT CSIN\u00c1LJUNK A GYEREKKEL NY\u00c1RON? - CSAL\u00c1DI VAK\u00c1CI\u00d3 UNALMAS PERCEK N\u00c9LK\u00dcL - Mikl\u00f3s TV\",\"isPartOf\":{\"@id\":\"https:\\\/\\\/miklostv.com\\\/new\\\/#website\"},\"primaryImageOfPage\":{\"@id\":\"https:\\\/\\\/miklostv.com\\\/new\\\/2019\\\/06\\\/13\\\/mit-csinaljunk-a-gyerekkel-nyaron-csaladi-vakacio-unalmas-percek-nelkul\\\/#primaryimage\"},\"image\":{\"@id\":\"https:\\\/\\\/miklostv.com\\\/new\\\/2019\\\/06\\\/13\\\/mit-csinaljunk-a-gyerekkel-nyaron-csaladi-vakacio-unalmas-percek-nelkul\\\/#primaryimage\"},\"thumbnailUrl\":\"https:\\\/\\\/miklostv.com\\\/new\\\/wp-content\\\/uploads\\\/2019\\\/06\\\/nyaralas.jpg\",\"datePublished\":\"2019-06-13T15:16:00+00:00\",\"author\":{\"@id\":\"https:\\\/\\\/miklostv.com\\\/new\\\/#\\\/schema\\\/person\\\/6339cdd0bbd336ec6345812e3958be3b\"},\"breadcrumb\":{\"@id\":\"https:\\\/\\\/miklostv.com\\\/new\\\/2019\\\/06\\\/13\\\/mit-csinaljunk-a-gyerekkel-nyaron-csaladi-vakacio-unalmas-percek-nelkul\\\/#breadcrumb\"},\"inLanguage\":\"hu\",\"potentialAction\":[{\"@type\":\"ReadAction\",\"target\":[\"https:\\\/\\\/miklostv.com\\\/new\\\/2019\\\/06\\\/13\\\/mit-csinaljunk-a-gyerekkel-nyaron-csaladi-vakacio-unalmas-percek-nelkul\\\/\"]}]},{\"@type\":\"ImageObject\",\"inLanguage\":\"hu\",\"@id\":\"https:\\\/\\\/miklostv.com\\\/new\\\/2019\\\/06\\\/13\\\/mit-csinaljunk-a-gyerekkel-nyaron-csaladi-vakacio-unalmas-percek-nelkul\\\/#primaryimage\",\"url\":\"https:\\\/\\\/miklostv.com\\\/new\\\/wp-content\\\/uploads\\\/2019\\\/06\\\/nyaralas.jpg\",\"contentUrl\":\"https:\\\/\\\/miklostv.com\\\/new\\\/wp-content\\\/uploads\\\/2019\\\/06\\\/nyaralas.jpg\",\"width\":479,\"height\":264,\"caption\":\"nyaralas.jpg\"},{\"@type\":\"BreadcrumbList\",\"@id\":\"https:\\\/\\\/miklostv.com\\\/new\\\/2019\\\/06\\\/13\\\/mit-csinaljunk-a-gyerekkel-nyaron-csaladi-vakacio-unalmas-percek-nelkul\\\/#breadcrumb\",\"itemListElement\":[{\"@type\":\"ListItem\",\"position\":1,\"name\":\"Kezd\u0151lap\",\"item\":\"https:\\\/\\\/miklostv.com\\\/new\\\/\"},{\"@type\":\"ListItem\",\"position\":2,\"name\":\"MIT CSIN\u00c1LJUNK A GYEREKKEL NY\u00c1RON? &#8211; CSAL\u00c1DI VAK\u00c1CI\u00d3 UNALMAS PERCEK N\u00c9LK\u00dcL\"}]},{\"@type\":\"WebSite\",\"@id\":\"https:\\\/\\\/miklostv.com\\\/new\\\/#website\",\"url\":\"https:\\\/\\\/miklostv.com\\\/new\\\/\",\"name\":\"Mikl\u00f3s TV\",\"description\":\"Mikl\u00f3s TV\",\"potentialAction\":[{\"@type\":\"SearchAction\",\"target\":{\"@type\":\"EntryPoint\",\"urlTemplate\":\"https:\\\/\\\/miklostv.com\\\/new\\\/?s={search_term_string}\"},\"query-input\":{\"@type\":\"PropertyValueSpecification\",\"valueRequired\":true,\"valueName\":\"search_term_string\"}}],\"inLanguage\":\"hu\"},{\"@type\":\"Person\",\"@id\":\"https:\\\/\\\/miklostv.com\\\/new\\\/#\\\/schema\\\/person\\\/6339cdd0bbd336ec6345812e3958be3b\",\"name\":\"S\u00e1ndor\",\"sameAs\":[\"https:\\\/\\\/miklostv.com\\\/new\"],\"url\":\"https:\\\/\\\/miklostv.com\\\/new\\\/author\\\/sanyi\\\/\"}]}<\/script>\n<!-- \/ Yoast SEO plugin. -->","yoast_head_json":{"title":"MIT CSIN\u00c1LJUNK A GYEREKKEL NY\u00c1RON? - CSAL\u00c1DI VAK\u00c1CI\u00d3 UNALMAS PERCEK N\u00c9LK\u00dcL - Mikl\u00f3s TV","robots":{"index":"index","follow":"follow","max-snippet":"max-snippet:-1","max-image-preview":"max-image-preview:large","max-video-preview":"max-video-preview:-1"},"canonical":"https:\/\/miklostv.com\/new\/2019\/06\/13\/mit-csinaljunk-a-gyerekkel-nyaron-csaladi-vakacio-unalmas-percek-nelkul\/","og_locale":"hu_HU","og_type":"article","og_title":"MIT CSIN\u00c1LJUNK A GYEREKKEL NY\u00c1RON? - CSAL\u00c1DI VAK\u00c1CI\u00d3 UNALMAS PERCEK N\u00c9LK\u00dcL - Mikl\u00f3s TV","og_description":"Nyakunkon a ny\u00e1ri sz\u00fcnet, amely a gyerekek sz\u00e1m\u00e1ra az egyik legvid\u00e1mabb id\u0151szak kezdete. Azonban, a hossz\u00fa ny\u00e1ri napok hamar unalmass\u00e1 v\u00e1lhatnak a megszokott h\u00e9tk\u00f6znapi rutin ut\u00e1n. A Europcar Aut\u00f3k\u00f6lcs\u00f6nz\u0151 most \u00f6sszegy\u0171jt\u00f6tte, hogy mivel k\u00f6thetj\u00fck le a lurk\u00f3kat, hogy kihozzuk a ny\u00e1ri h\u00f3napokb\u00f3l a legt\u00f6bbet, el\u0171zz\u00fck az unalmas perceket \u00e9s k\u00f6zben k\u00f6z\u00f6s \u00e9lm\u00e9nyeket szerezz\u00fcnk, felejthetetlenn\u00e9 t\u00e9ve ezzel a vak\u00e1ci\u00f3t az eg\u00e9sz csal\u00e1d sz\u00e1m\u00e1ra. A sz\u00fcl\u0151knek \u00e1ltal\u00e1ban \u00f3ri\u00e1si fejt\u00f6r\u00e9st okoz, hogy mit kezdjen a gyerek\u00e9vel a ny\u00e1ri h\u00f3napokban. Haszn\u00e1ljuk fel ezt az id\u0151szakot arra, hogy k\u00f6z\u00f6s \u00e9lm\u00e9nyeket szerezzen a csal\u00e1d, aminek k\u00f6sz\u00f6nhet\u0151en&hellip;","og_url":"https:\/\/miklostv.com\/new\/2019\/06\/13\/mit-csinaljunk-a-gyerekkel-nyaron-csaladi-vakacio-unalmas-percek-nelkul\/","og_site_name":"Mikl\u00f3s TV","article_published_time":"2019-06-13T15:16:00+00:00","og_image":[{"width":479,"height":264,"url":"https:\/\/miklostv.com\/new\/wp-content\/uploads\/2019\/06\/nyaralas.jpg","type":"image\/jpeg"}],"author":"S\u00e1ndor","twitter_card":"summary_large_image","twitter_misc":{"Szerz\u0151:":"S\u00e1ndor","Becs\u00fclt olvas\u00e1si id\u0151":"4 perc"},"schema":{"@context":"https:\/\/schema.org","@graph":[{"@type":"NewsArticle","@id":"https:\/\/miklostv.com\/new\/2019\/06\/13\/mit-csinaljunk-a-gyerekkel-nyaron-csaladi-vakacio-unalmas-percek-nelkul\/#article","isPartOf":{"@id":"https:\/\/miklostv.com\/new\/2019\/06\/13\/mit-csinaljunk-a-gyerekkel-nyaron-csaladi-vakacio-unalmas-percek-nelkul\/"},"author":{"name":"S\u00e1ndor","@id":"https:\/\/miklostv.com\/new\/#\/schema\/person\/6339cdd0bbd336ec6345812e3958be3b"},"headline":"MIT CSIN\u00c1LJUNK A GYEREKKEL NY\u00c1RON? &#8211; CSAL\u00c1DI VAK\u00c1CI\u00d3 UNALMAS PERCEK N\u00c9LK\u00dcL","datePublished":"2019-06-13T15:16:00+00:00","mainEntityOfPage":{"@id":"https:\/\/miklostv.com\/new\/2019\/06\/13\/mit-csinaljunk-a-gyerekkel-nyaron-csaladi-vakacio-unalmas-percek-nelkul\/"},"wordCount":722,"commentCount":0,"image":{"@id":"https:\/\/miklostv.com\/new\/2019\/06\/13\/mit-csinaljunk-a-gyerekkel-nyaron-csaladi-vakacio-unalmas-percek-nelkul\/#primaryimage"},"thumbnailUrl":"https:\/\/miklostv.com\/new\/wp-content\/uploads\/2019\/06\/nyaralas.jpg","articleSection":["V\u00e1roson t\u00fal"],"inLanguage":"hu"},{"@type":"WebPage","@id":"https:\/\/miklostv.com\/new\/2019\/06\/13\/mit-csinaljunk-a-gyerekkel-nyaron-csaladi-vakacio-unalmas-percek-nelkul\/","url":"https:\/\/miklostv.com\/new\/2019\/06\/13\/mit-csinaljunk-a-gyerekkel-nyaron-csaladi-vakacio-unalmas-percek-nelkul\/","name":"MIT CSIN\u00c1LJUNK A GYEREKKEL NY\u00c1RON? - CSAL\u00c1DI VAK\u00c1CI\u00d3 UNALMAS PERCEK N\u00c9LK\u00dcL - Mikl\u00f3s TV","isPartOf":{"@id":"https:\/\/miklostv.com\/new\/#website"},"primaryImageOfPage":{"@id":"https:\/\/miklostv.com\/new\/2019\/06\/13\/mit-csinaljunk-a-gyerekkel-nyaron-csaladi-vakacio-unalmas-percek-nelkul\/#primaryimage"},"image":{"@id":"https:\/\/miklostv.com\/new\/2019\/06\/13\/mit-csinaljunk-a-gyerekkel-nyaron-csaladi-vakacio-unalmas-percek-nelkul\/#primaryimage"},"thumbnailUrl":"https:\/\/miklostv.com\/new\/wp-content\/uploads\/2019\/06\/nyaralas.jpg","datePublished":"2019-06-13T15:16:00+00:00","author":{"@id":"https:\/\/miklostv.com\/new\/#\/schema\/person\/6339cdd0bbd336ec6345812e3958be3b"},"breadcrumb":{"@id":"https:\/\/miklostv.com\/new\/2019\/06\/13\/mit-csinaljunk-a-gyerekkel-nyaron-csaladi-vakacio-unalmas-percek-nelkul\/#breadcrumb"},"inLanguage":"hu","potentialAction":[{"@type":"ReadAction","target":["https:\/\/miklostv.com\/new\/2019\/06\/13\/mit-csinaljunk-a-gyerekkel-nyaron-csaladi-vakacio-unalmas-percek-nelkul\/"]}]},{"@type":"ImageObject","inLanguage":"hu","@id":"https:\/\/miklostv.com\/new\/2019\/06\/13\/mit-csinaljunk-a-gyerekkel-nyaron-csaladi-vakacio-unalmas-percek-nelkul\/#primaryimage","url":"https:\/\/miklostv.com\/new\/wp-content\/uploads\/2019\/06\/nyaralas.jpg","contentUrl":"https:\/\/miklostv.com\/new\/wp-content\/uploads\/2019\/06\/nyaralas.jpg","width":479,"height":264,"caption":"nyaralas.jpg"},{"@type":"BreadcrumbList","@id":"https:\/\/miklostv.com\/new\/2019\/06\/13\/mit-csinaljunk-a-gyerekkel-nyaron-csaladi-vakacio-unalmas-percek-nelkul\/#breadcrumb","itemListElement":[{"@type":"ListItem","position":1,"name":"Kezd\u0151lap","item":"https:\/\/miklostv.com\/new\/"},{"@type":"ListItem","position":2,"name":"MIT CSIN\u00c1LJUNK A GYEREKKEL NY\u00c1RON? &#8211; CSAL\u00c1DI VAK\u00c1CI\u00d3 UNALMAS PERCEK N\u00c9LK\u00dcL"}]},{"@type":"WebSite","@id":"https:\/\/miklostv.com\/new\/#website","url":"https:\/\/miklostv.com\/new\/","name":"Mikl\u00f3s TV","description":"Mikl\u00f3s TV","potentialAction":[{"@type":"SearchAction","target":{"@type":"EntryPoint","urlTemplate":"https:\/\/miklostv.com\/new\/?s={search_term_string}"},"query-input":{"@type":"PropertyValueSpecification","valueRequired":true,"valueName":"search_term_string"}}],"inLanguage":"hu"},{"@type":"Person","@id":"https:\/\/miklostv.com\/new\/#\/schema\/person\/6339cdd0bbd336ec6345812e3958be3b","name":"S\u00e1ndor","sameAs":["https:\/\/miklostv.com\/new"],"url":"https:\/\/miklostv.com\/new\/author\/sanyi\/"}]}},"_links":{"self":[{"href":"https:\/\/miklostv.com\/new\/wp-json\/wp\/v2\/posts\/3464","targetHints":{"allow":["GET"]}}],"collection":[{"href":"https:\/\/miklostv.com\/new\/wp-json\/wp\/v2\/posts"}],"about":[{"href":"https:\/\/miklostv.com\/new\/wp-json\/wp\/v2\/types\/post"}],"author":[{"embeddable":true,"href":"https:\/\/miklostv.com\/new\/wp-json\/wp\/v2\/users\/1"}],"replies":[{"embeddable":true,"href":"https:\/\/miklostv.com\/new\/wp-json\/wp\/v2\/comments?post=3464"}],"version-history":[{"count":0,"href":"https:\/\/miklostv.com\/new\/wp-json\/wp\/v2\/posts\/3464\/revisions"}],"wp:featuredmedia":[{"embeddable":true,"href":"https:\/\/miklostv.com\/new\/wp-json\/wp\/v2\/media\/3462"}],"wp:attachment":[{"href":"https:\/\/miklostv.com\/new\/wp-json\/wp\/v2\/media?parent=3464"}],"wp:term":[{"taxonomy":"category","embeddable":true,"href":"https:\/\/miklostv.com\/new\/wp-json\/wp\/v2\/categories?post=3464"},{"taxonomy":"post_tag","embeddable":true,"href":"https:\/\/miklostv.com\/new\/wp-json\/wp\/v2\/tags?post=3464"}],"curies":[{"name":"wp","href":"https:\/\/api.w.org\/{rel}","templated":true}]}}