{"id":3461,"date":"2019-06-13T15:13:55","date_gmt":"2019-06-13T15:13:55","guid":{"rendered":"https:\/\/miklostv.com\/new\/2019\/06\/13\/mosolygos-vakacio-i\/"},"modified":"2019-06-13T15:13:55","modified_gmt":"2019-06-13T15:13:55","slug":"mosolygos-vakacio-i","status":"publish","type":"post","link":"https:\/\/miklostv.com\/new\/2019\/06\/13\/mosolygos-vakacio-i\/","title":{"rendered":"MOSOLYG\u00d3S VAK\u00c1CI\u00d3 I."},"content":{"rendered":"<p>A J\u00e1sz-Nagykun-Szolnok Megyei Rend\u0151r-f\u0151kapit\u00e1nys\u00e1g tan\u00e1csokkal szolg\u00e1l a gondtalan ny\u00e1rhoz.<\/p>\n<div class=\"body-text\">\n<p align=\"center\">Ism\u00e9t bek\u00f6sz\u00f6nt\u00f6tt a ny\u00e1r. V\u00e9get \u00e9r a tan\u00edt\u00e1s, itt a sz\u00fcnid\u0151, a vak\u00e1ci\u00f3.<\/p>\n<p align=\"center\">Ahhoz, hogy a sz\u00fcnid\u0151 gondtalan \u00e9s probl\u00e9mamentes legyen, k\u00e9rj\u00fck, hogy a gyermekek \u00e9s saj\u00e1t maguk v\u00e9delme \u00e9rdek\u00e9ben tarts\u00e1k \u00e9s tartass\u00e1k be tan\u00e1csainkat!<\/p>\n<p align=\"center\"><span style=\"text-decoration: underline;\">B\u0171nmegel\u0151z\u00e9si aj\u00e1nl\u00e1sok sz\u00fcl\u0151knek:<\/span><\/p>\n<ul>\n<li>Fontos, hogy a gyermekek \u00e9rtelmes elfoglalts\u00e1ggal t\u00f6lts\u00e9k az id\u0151t. A cselleng\u00e9s, csavarg\u00e1s hamar meggondolatlan, esetleg t\u00f6rv\u00e9nys\u00e9rt\u0151 dolgokhoz tud vezetni. Az elk\u00f3borolt gyermek b\u0171ncselekm\u00e9ny \u00e1ldozat\u00e1v\u00e1 is v\u00e1lhat. A n\u00e1la l\u00e9v\u0151 vagyont\u00e1rgyakat ellophatj\u00e1k, ak\u00e1r er\u0151szakkal is elvehetik t\u0151le.<\/li>\n<li>A gyermekek v\u00e9delm\u00e9t legmegfelel\u0151bben a sz\u00fcl\u0151i fel\u00fcgyelet szolg\u00e1lhatja. Besz\u00e9lj\u00e9k meg, hogy a munkaid\u0151 alatt milyen form\u00e1ban tartj\u00e1k vele a kapcsolatot! Fontos, hogy mindenki tartsa mag\u00e1t az el\u0151re megbesz\u00e9lt id\u0151pontokhoz. A sz\u00fcl\u0151k, nagysz\u00fcl\u0151k mindig tudjanak arr\u00f3l, hogy a fiatalok hov\u00e1 mennek, hol tart\u00f3zkodnak.<\/li>\n<li>A gyerek soha ne vigyen mag\u00e1val f\u00f6l\u00f6slegesen \u00e9rt\u00e9keket k\u00f6zter\u00fcletre, j\u00e1tsz\u00f3terekre, strandokra! Ha elker\u00fclhetetlen, akkor minden esetben csak a sz\u00fcks\u00e9ges p\u00e9nz legyen n\u00e1la \u00e9s mobiltelefon, de azok se l\u00e1that\u00f3 helyen.<\/li>\n<li>Strandra csak akkor engedj\u00e9k el, ha megfelel\u0151 \u00e9letkorral rendelkezik, vagy valamely bar\u00e1tja sz\u00fcl\u0151i fel\u00fcgyelet\u00e9vel megy oda. Az \u00e9rt\u00e9kei meg\u00f3v\u00e1sa \u00e9rdek\u00e9ben h\u00edvj\u00e1k fel a figyelm\u00e9t, hogy azokat hagyja a strandok \u00e9rt\u00e9kmeg\u0151rz\u0151iben. Nyomat\u00e9kosan h\u00edvj\u00e1k fel a figyelm\u00e9t, hogy felhev\u00fclt testtel, tele gyomorral ne menjen v\u00edzbe, f\u0151k\u00e9nt, ne m\u00e9ly v\u00edzbe! Tilts\u00e1k meg, hogy fel\u00fcgyelet n\u00e9lk\u00fcl term\u00e9szetes v\u00edzhez menjen f\u00fcr\u00f6dni, vagy horg\u00e1szni, mert a term\u00e9szetes vizek sz\u00e1mtalan vesz\u00e9lyforr\u00e1st jelenthetnek sz\u00e1mukra! Ha nincs megfelel\u0151 sz\u00fcl\u0151i fel\u00fcgyelet, f\u0151k\u00e9nt 12 \u00e9ves \u00e9letkor alatt ne engedj\u00e9k, hogy gyermek\u00fcnk ker\u00e9kp\u00e1rral k\u00f6zlekedjen egyed\u00fcl. Nagyobb gyermekeiket tan\u00edts\u00e1k meg, hogy milyen vesz\u00e9lyeket rejt a robog\u00f3z\u00e1s \u00e9s a motoroz\u00e1s. Az sem baj, ha meggy\u0151z\u0151dnek n\u00e9ha arr\u00f3l, hogy mik\u00e9nt k\u00f6zlekednek egyed\u00fcl a gyakorlatban.<\/li>\n<li>A nagyobb, gyermekek m\u00e1r ig\u00e9nylik az esti t\u00e1ncos sz\u00f3rakoz\u00e1sokat. Fontos, hogy tudj\u00e1k, hol van, kivel, vagy kikkel \u00e9s nem baj, ha meghat\u00e1rozz\u00e1k, meddig lehet t\u00e1vol a fiatal otthon\u00e1t\u00f3l. Ha a fiatalok viszonylag k\u00e9s\u0151i id\u0151pontban megtartott programon szeretn\u00e9nek r\u00e9szt venni, oda csak csoportosan, lehet\u0151leg feln\u0151tt k\u00eds\u00e9ret\u00e9ben menjenek, \u00e9s ker\u00fclj\u00e9k a rosszul kivil\u00e1g\u00edtott, elhagyatott helyeket! Nagyobb p\u00e9nz\u00f6sszeget ne, vagy csak t\u00f6bb helyen elosztva vigyenek magukkal! Ne hagyj\u00e1k \u0151rizetlen\u00fcl \u00e9rt\u00e9keiket!<\/li>\n<\/ul>\n<\/div>\n","protected":false},"excerpt":{"rendered":"<p>A J\u00e1sz-Nagykun-Szolnok Megyei Rend\u0151r-f\u0151kapit\u00e1nys\u00e1g tan\u00e1csokkal szolg\u00e1l a gondtalan ny\u00e1rhoz. Ism\u00e9t bek\u00f6sz\u00f6nt\u00f6tt a ny\u00e1r. V\u00e9get \u00e9r a tan\u00edt\u00e1s, itt a sz\u00fcnid\u0151, a vak\u00e1ci\u00f3. Ahhoz, hogy a sz\u00fcnid\u0151 gondtalan \u00e9s probl\u00e9mamentes legyen, k\u00e9rj\u00fck, hogy a gyermekek \u00e9s saj\u00e1t maguk v\u00e9delme \u00e9rdek\u00e9ben tarts\u00e1k \u00e9s tartass\u00e1k be tan\u00e1csainkat! B\u0171nmegel\u0151z\u00e9si aj\u00e1nl\u00e1sok sz\u00fcl\u0151knek: Fontos, hogy a gyermekek \u00e9rtelmes elfoglalts\u00e1ggal t\u00f6lts\u00e9k az id\u0151t. A cselleng\u00e9s, csavarg\u00e1s hamar meggondolatlan, esetleg t\u00f6rv\u00e9nys\u00e9rt\u0151 dolgokhoz tud vezetni. Az elk\u00f3borolt gyermek b\u0171ncselekm\u00e9ny \u00e1ldozat\u00e1v\u00e1 is v\u00e1lhat. A n\u00e1la l\u00e9v\u0151 vagyont\u00e1rgyakat ellophatj\u00e1k, ak\u00e1r er\u0151szakkal is elvehetik t\u0151le. A gyermekek v\u00e9delm\u00e9t legmegfelel\u0151bben a sz\u00fcl\u0151i fel\u00fcgyelet&hellip;<\/p>\n","protected":false},"author":1,"featured_media":3460,"comment_status":"open","ping_status":"open","sticky":false,"template":"","format":"standard","meta":{"fifu_image_url":"","fifu_image_alt":"","footnotes":""},"categories":[41],"tags":[],"class_list":["post-3461","post","type-post","status-publish","format-standard","has-post-thumbnail","hentry","category-rendorsegi-hirek"],"gutentor_comment":0,"yoast_head":"<!-- This site is optimized with the Yoast SEO plugin v27.5 - https:\/\/yoast.com\/product\/yoast-seo-wordpress\/ -->\n<title>MOSOLYG\u00d3S VAK\u00c1CI\u00d3 I. - Mikl\u00f3s TV<\/title>\n<meta name=\"robots\" content=\"index, follow, max-snippet:-1, max-image-preview:large, max-video-preview:-1\" \/>\n<link rel=\"canonical\" href=\"https:\/\/miklostv.com\/new\/2019\/06\/13\/mosolygos-vakacio-i\/\" \/>\n<meta property=\"og:locale\" content=\"hu_HU\" \/>\n<meta property=\"og:type\" content=\"article\" \/>\n<meta property=\"og:title\" content=\"MOSOLYG\u00d3S VAK\u00c1CI\u00d3 I. - Mikl\u00f3s TV\" \/>\n<meta property=\"og:description\" content=\"A J\u00e1sz-Nagykun-Szolnok Megyei Rend\u0151r-f\u0151kapit\u00e1nys\u00e1g tan\u00e1csokkal szolg\u00e1l a gondtalan ny\u00e1rhoz. Ism\u00e9t bek\u00f6sz\u00f6nt\u00f6tt a ny\u00e1r. V\u00e9get \u00e9r a tan\u00edt\u00e1s, itt a sz\u00fcnid\u0151, a vak\u00e1ci\u00f3. Ahhoz, hogy a sz\u00fcnid\u0151 gondtalan \u00e9s probl\u00e9mamentes legyen, k\u00e9rj\u00fck, hogy a gyermekek \u00e9s saj\u00e1t maguk v\u00e9delme \u00e9rdek\u00e9ben tarts\u00e1k \u00e9s tartass\u00e1k be tan\u00e1csainkat! B\u0171nmegel\u0151z\u00e9si aj\u00e1nl\u00e1sok sz\u00fcl\u0151knek: Fontos, hogy a gyermekek \u00e9rtelmes elfoglalts\u00e1ggal t\u00f6lts\u00e9k az id\u0151t. A cselleng\u00e9s, csavarg\u00e1s hamar meggondolatlan, esetleg t\u00f6rv\u00e9nys\u00e9rt\u0151 dolgokhoz tud vezetni. Az elk\u00f3borolt gyermek b\u0171ncselekm\u00e9ny \u00e1ldozat\u00e1v\u00e1 is v\u00e1lhat. A n\u00e1la l\u00e9v\u0151 vagyont\u00e1rgyakat ellophatj\u00e1k, ak\u00e1r er\u0151szakkal is elvehetik t\u0151le. A gyermekek v\u00e9delm\u00e9t legmegfelel\u0151bben a sz\u00fcl\u0151i fel\u00fcgyelet&hellip;\" \/>\n<meta property=\"og:url\" content=\"https:\/\/miklostv.com\/new\/2019\/06\/13\/mosolygos-vakacio-i\/\" \/>\n<meta property=\"og:site_name\" content=\"Mikl\u00f3s TV\" \/>\n<meta property=\"article:published_time\" content=\"2019-06-13T15:13:55+00:00\" \/>\n<meta property=\"og:image\" content=\"https:\/\/miklostv.com\/new\/wp-content\/uploads\/2019\/06\/IMAG1581.jpg\" \/>\n\t<meta property=\"og:image:width\" content=\"376\" \/>\n\t<meta property=\"og:image:height\" content=\"250\" \/>\n\t<meta property=\"og:image:type\" content=\"image\/jpeg\" \/>\n<meta name=\"author\" content=\"S\u00e1ndor\" \/>\n<meta name=\"twitter:card\" content=\"summary_large_image\" \/>\n<meta name=\"twitter:label1\" content=\"Szerz\u0151:\" \/>\n\t<meta name=\"twitter:data1\" content=\"S\u00e1ndor\" \/>\n\t<meta name=\"twitter:label2\" content=\"Becs\u00fclt olvas\u00e1si id\u0151\" \/>\n\t<meta name=\"twitter:data2\" content=\"3 perc\" \/>\n<script type=\"application\/ld+json\" class=\"yoast-schema-graph\">{\"@context\":\"https:\\\/\\\/schema.org\",\"@graph\":[{\"@type\":\"NewsArticle\",\"@id\":\"https:\\\/\\\/miklostv.com\\\/new\\\/2019\\\/06\\\/13\\\/mosolygos-vakacio-i\\\/#article\",\"isPartOf\":{\"@id\":\"https:\\\/\\\/miklostv.com\\\/new\\\/2019\\\/06\\\/13\\\/mosolygos-vakacio-i\\\/\"},\"author\":{\"name\":\"S\u00e1ndor\",\"@id\":\"https:\\\/\\\/miklostv.com\\\/new\\\/#\\\/schema\\\/person\\\/6339cdd0bbd336ec6345812e3958be3b\"},\"headline\":\"MOSOLYG\u00d3S VAK\u00c1CI\u00d3 I.\",\"datePublished\":\"2019-06-13T15:13:55+00:00\",\"mainEntityOfPage\":{\"@id\":\"https:\\\/\\\/miklostv.com\\\/new\\\/2019\\\/06\\\/13\\\/mosolygos-vakacio-i\\\/\"},\"wordCount\":520,\"commentCount\":0,\"image\":{\"@id\":\"https:\\\/\\\/miklostv.com\\\/new\\\/2019\\\/06\\\/13\\\/mosolygos-vakacio-i\\\/#primaryimage\"},\"thumbnailUrl\":\"https:\\\/\\\/miklostv.com\\\/new\\\/wp-content\\\/uploads\\\/2019\\\/06\\\/IMAG1581.jpg\",\"articleSection\":[\"Rend\u0151rs\u00e9gi h\u00edrek\"],\"inLanguage\":\"hu\"},{\"@type\":\"WebPage\",\"@id\":\"https:\\\/\\\/miklostv.com\\\/new\\\/2019\\\/06\\\/13\\\/mosolygos-vakacio-i\\\/\",\"url\":\"https:\\\/\\\/miklostv.com\\\/new\\\/2019\\\/06\\\/13\\\/mosolygos-vakacio-i\\\/\",\"name\":\"MOSOLYG\u00d3S VAK\u00c1CI\u00d3 I. - Mikl\u00f3s TV\",\"isPartOf\":{\"@id\":\"https:\\\/\\\/miklostv.com\\\/new\\\/#website\"},\"primaryImageOfPage\":{\"@id\":\"https:\\\/\\\/miklostv.com\\\/new\\\/2019\\\/06\\\/13\\\/mosolygos-vakacio-i\\\/#primaryimage\"},\"image\":{\"@id\":\"https:\\\/\\\/miklostv.com\\\/new\\\/2019\\\/06\\\/13\\\/mosolygos-vakacio-i\\\/#primaryimage\"},\"thumbnailUrl\":\"https:\\\/\\\/miklostv.com\\\/new\\\/wp-content\\\/uploads\\\/2019\\\/06\\\/IMAG1581.jpg\",\"datePublished\":\"2019-06-13T15:13:55+00:00\",\"author\":{\"@id\":\"https:\\\/\\\/miklostv.com\\\/new\\\/#\\\/schema\\\/person\\\/6339cdd0bbd336ec6345812e3958be3b\"},\"breadcrumb\":{\"@id\":\"https:\\\/\\\/miklostv.com\\\/new\\\/2019\\\/06\\\/13\\\/mosolygos-vakacio-i\\\/#breadcrumb\"},\"inLanguage\":\"hu\",\"potentialAction\":[{\"@type\":\"ReadAction\",\"target\":[\"https:\\\/\\\/miklostv.com\\\/new\\\/2019\\\/06\\\/13\\\/mosolygos-vakacio-i\\\/\"]}]},{\"@type\":\"ImageObject\",\"inLanguage\":\"hu\",\"@id\":\"https:\\\/\\\/miklostv.com\\\/new\\\/2019\\\/06\\\/13\\\/mosolygos-vakacio-i\\\/#primaryimage\",\"url\":\"https:\\\/\\\/miklostv.com\\\/new\\\/wp-content\\\/uploads\\\/2019\\\/06\\\/IMAG1581.jpg\",\"contentUrl\":\"https:\\\/\\\/miklostv.com\\\/new\\\/wp-content\\\/uploads\\\/2019\\\/06\\\/IMAG1581.jpg\",\"width\":376,\"height\":250,\"caption\":\"IMAG1581.jpg\"},{\"@type\":\"BreadcrumbList\",\"@id\":\"https:\\\/\\\/miklostv.com\\\/new\\\/2019\\\/06\\\/13\\\/mosolygos-vakacio-i\\\/#breadcrumb\",\"itemListElement\":[{\"@type\":\"ListItem\",\"position\":1,\"name\":\"Kezd\u0151lap\",\"item\":\"https:\\\/\\\/miklostv.com\\\/new\\\/\"},{\"@type\":\"ListItem\",\"position\":2,\"name\":\"MOSOLYG\u00d3S VAK\u00c1CI\u00d3 I.\"}]},{\"@type\":\"WebSite\",\"@id\":\"https:\\\/\\\/miklostv.com\\\/new\\\/#website\",\"url\":\"https:\\\/\\\/miklostv.com\\\/new\\\/\",\"name\":\"Mikl\u00f3s TV\",\"description\":\"Mikl\u00f3s TV\",\"potentialAction\":[{\"@type\":\"SearchAction\",\"target\":{\"@type\":\"EntryPoint\",\"urlTemplate\":\"https:\\\/\\\/miklostv.com\\\/new\\\/?s={search_term_string}\"},\"query-input\":{\"@type\":\"PropertyValueSpecification\",\"valueRequired\":true,\"valueName\":\"search_term_string\"}}],\"inLanguage\":\"hu\"},{\"@type\":\"Person\",\"@id\":\"https:\\\/\\\/miklostv.com\\\/new\\\/#\\\/schema\\\/person\\\/6339cdd0bbd336ec6345812e3958be3b\",\"name\":\"S\u00e1ndor\",\"sameAs\":[\"https:\\\/\\\/miklostv.com\\\/new\"],\"url\":\"https:\\\/\\\/miklostv.com\\\/new\\\/author\\\/sanyi\\\/\"}]}<\/script>\n<!-- \/ Yoast SEO plugin. -->","yoast_head_json":{"title":"MOSOLYG\u00d3S VAK\u00c1CI\u00d3 I. - Mikl\u00f3s TV","robots":{"index":"index","follow":"follow","max-snippet":"max-snippet:-1","max-image-preview":"max-image-preview:large","max-video-preview":"max-video-preview:-1"},"canonical":"https:\/\/miklostv.com\/new\/2019\/06\/13\/mosolygos-vakacio-i\/","og_locale":"hu_HU","og_type":"article","og_title":"MOSOLYG\u00d3S VAK\u00c1CI\u00d3 I. - Mikl\u00f3s TV","og_description":"A J\u00e1sz-Nagykun-Szolnok Megyei Rend\u0151r-f\u0151kapit\u00e1nys\u00e1g tan\u00e1csokkal szolg\u00e1l a gondtalan ny\u00e1rhoz. Ism\u00e9t bek\u00f6sz\u00f6nt\u00f6tt a ny\u00e1r. V\u00e9get \u00e9r a tan\u00edt\u00e1s, itt a sz\u00fcnid\u0151, a vak\u00e1ci\u00f3. Ahhoz, hogy a sz\u00fcnid\u0151 gondtalan \u00e9s probl\u00e9mamentes legyen, k\u00e9rj\u00fck, hogy a gyermekek \u00e9s saj\u00e1t maguk v\u00e9delme \u00e9rdek\u00e9ben tarts\u00e1k \u00e9s tartass\u00e1k be tan\u00e1csainkat! B\u0171nmegel\u0151z\u00e9si aj\u00e1nl\u00e1sok sz\u00fcl\u0151knek: Fontos, hogy a gyermekek \u00e9rtelmes elfoglalts\u00e1ggal t\u00f6lts\u00e9k az id\u0151t. A cselleng\u00e9s, csavarg\u00e1s hamar meggondolatlan, esetleg t\u00f6rv\u00e9nys\u00e9rt\u0151 dolgokhoz tud vezetni. Az elk\u00f3borolt gyermek b\u0171ncselekm\u00e9ny \u00e1ldozat\u00e1v\u00e1 is v\u00e1lhat. A n\u00e1la l\u00e9v\u0151 vagyont\u00e1rgyakat ellophatj\u00e1k, ak\u00e1r er\u0151szakkal is elvehetik t\u0151le. A gyermekek v\u00e9delm\u00e9t legmegfelel\u0151bben a sz\u00fcl\u0151i fel\u00fcgyelet&hellip;","og_url":"https:\/\/miklostv.com\/new\/2019\/06\/13\/mosolygos-vakacio-i\/","og_site_name":"Mikl\u00f3s TV","article_published_time":"2019-06-13T15:13:55+00:00","og_image":[{"width":376,"height":250,"url":"https:\/\/miklostv.com\/new\/wp-content\/uploads\/2019\/06\/IMAG1581.jpg","type":"image\/jpeg"}],"author":"S\u00e1ndor","twitter_card":"summary_large_image","twitter_misc":{"Szerz\u0151:":"S\u00e1ndor","Becs\u00fclt olvas\u00e1si id\u0151":"3 perc"},"schema":{"@context":"https:\/\/schema.org","@graph":[{"@type":"NewsArticle","@id":"https:\/\/miklostv.com\/new\/2019\/06\/13\/mosolygos-vakacio-i\/#article","isPartOf":{"@id":"https:\/\/miklostv.com\/new\/2019\/06\/13\/mosolygos-vakacio-i\/"},"author":{"name":"S\u00e1ndor","@id":"https:\/\/miklostv.com\/new\/#\/schema\/person\/6339cdd0bbd336ec6345812e3958be3b"},"headline":"MOSOLYG\u00d3S VAK\u00c1CI\u00d3 I.","datePublished":"2019-06-13T15:13:55+00:00","mainEntityOfPage":{"@id":"https:\/\/miklostv.com\/new\/2019\/06\/13\/mosolygos-vakacio-i\/"},"wordCount":520,"commentCount":0,"image":{"@id":"https:\/\/miklostv.com\/new\/2019\/06\/13\/mosolygos-vakacio-i\/#primaryimage"},"thumbnailUrl":"https:\/\/miklostv.com\/new\/wp-content\/uploads\/2019\/06\/IMAG1581.jpg","articleSection":["Rend\u0151rs\u00e9gi h\u00edrek"],"inLanguage":"hu"},{"@type":"WebPage","@id":"https:\/\/miklostv.com\/new\/2019\/06\/13\/mosolygos-vakacio-i\/","url":"https:\/\/miklostv.com\/new\/2019\/06\/13\/mosolygos-vakacio-i\/","name":"MOSOLYG\u00d3S VAK\u00c1CI\u00d3 I. - Mikl\u00f3s TV","isPartOf":{"@id":"https:\/\/miklostv.com\/new\/#website"},"primaryImageOfPage":{"@id":"https:\/\/miklostv.com\/new\/2019\/06\/13\/mosolygos-vakacio-i\/#primaryimage"},"image":{"@id":"https:\/\/miklostv.com\/new\/2019\/06\/13\/mosolygos-vakacio-i\/#primaryimage"},"thumbnailUrl":"https:\/\/miklostv.com\/new\/wp-content\/uploads\/2019\/06\/IMAG1581.jpg","datePublished":"2019-06-13T15:13:55+00:00","author":{"@id":"https:\/\/miklostv.com\/new\/#\/schema\/person\/6339cdd0bbd336ec6345812e3958be3b"},"breadcrumb":{"@id":"https:\/\/miklostv.com\/new\/2019\/06\/13\/mosolygos-vakacio-i\/#breadcrumb"},"inLanguage":"hu","potentialAction":[{"@type":"ReadAction","target":["https:\/\/miklostv.com\/new\/2019\/06\/13\/mosolygos-vakacio-i\/"]}]},{"@type":"ImageObject","inLanguage":"hu","@id":"https:\/\/miklostv.com\/new\/2019\/06\/13\/mosolygos-vakacio-i\/#primaryimage","url":"https:\/\/miklostv.com\/new\/wp-content\/uploads\/2019\/06\/IMAG1581.jpg","contentUrl":"https:\/\/miklostv.com\/new\/wp-content\/uploads\/2019\/06\/IMAG1581.jpg","width":376,"height":250,"caption":"IMAG1581.jpg"},{"@type":"BreadcrumbList","@id":"https:\/\/miklostv.com\/new\/2019\/06\/13\/mosolygos-vakacio-i\/#breadcrumb","itemListElement":[{"@type":"ListItem","position":1,"name":"Kezd\u0151lap","item":"https:\/\/miklostv.com\/new\/"},{"@type":"ListItem","position":2,"name":"MOSOLYG\u00d3S VAK\u00c1CI\u00d3 I."}]},{"@type":"WebSite","@id":"https:\/\/miklostv.com\/new\/#website","url":"https:\/\/miklostv.com\/new\/","name":"Mikl\u00f3s TV","description":"Mikl\u00f3s TV","potentialAction":[{"@type":"SearchAction","target":{"@type":"EntryPoint","urlTemplate":"https:\/\/miklostv.com\/new\/?s={search_term_string}"},"query-input":{"@type":"PropertyValueSpecification","valueRequired":true,"valueName":"search_term_string"}}],"inLanguage":"hu"},{"@type":"Person","@id":"https:\/\/miklostv.com\/new\/#\/schema\/person\/6339cdd0bbd336ec6345812e3958be3b","name":"S\u00e1ndor","sameAs":["https:\/\/miklostv.com\/new"],"url":"https:\/\/miklostv.com\/new\/author\/sanyi\/"}]}},"_links":{"self":[{"href":"https:\/\/miklostv.com\/new\/wp-json\/wp\/v2\/posts\/3461","targetHints":{"allow":["GET"]}}],"collection":[{"href":"https:\/\/miklostv.com\/new\/wp-json\/wp\/v2\/posts"}],"about":[{"href":"https:\/\/miklostv.com\/new\/wp-json\/wp\/v2\/types\/post"}],"author":[{"embeddable":true,"href":"https:\/\/miklostv.com\/new\/wp-json\/wp\/v2\/users\/1"}],"replies":[{"embeddable":true,"href":"https:\/\/miklostv.com\/new\/wp-json\/wp\/v2\/comments?post=3461"}],"version-history":[{"count":0,"href":"https:\/\/miklostv.com\/new\/wp-json\/wp\/v2\/posts\/3461\/revisions"}],"wp:featuredmedia":[{"embeddable":true,"href":"https:\/\/miklostv.com\/new\/wp-json\/wp\/v2\/media\/3460"}],"wp:attachment":[{"href":"https:\/\/miklostv.com\/new\/wp-json\/wp\/v2\/media?parent=3461"}],"wp:term":[{"taxonomy":"category","embeddable":true,"href":"https:\/\/miklostv.com\/new\/wp-json\/wp\/v2\/categories?post=3461"},{"taxonomy":"post_tag","embeddable":true,"href":"https:\/\/miklostv.com\/new\/wp-json\/wp\/v2\/tags?post=3461"}],"curies":[{"name":"wp","href":"https:\/\/api.w.org\/{rel}","templated":true}]}}