{"id":3459,"date":"2019-06-13T15:11:53","date_gmt":"2019-06-13T15:11:53","guid":{"rendered":"https:\/\/miklostv.com\/new\/2019\/06\/13\/veszelytelen-furdozes-szabalyok-es-tanacsok\/"},"modified":"2019-06-13T15:11:53","modified_gmt":"2019-06-13T15:11:53","slug":"veszelytelen-furdozes-szabalyok-es-tanacsok","status":"publish","type":"post","link":"https:\/\/miklostv.com\/new\/2019\/06\/13\/veszelytelen-furdozes-szabalyok-es-tanacsok\/","title":{"rendered":"VESZ\u00c9LYTELEN F\u00dcRD\u0150Z\u00c9S &#8211; SZAB\u00c1LYOK \u00c9S TAN\u00c1CSOK"},"content":{"rendered":"<p>Gyorsan itt a vak\u00e1ci\u00f3, meg\u00e9rkezett a meleg is. Gyermekek \u00e9s sz\u00fcleik h\u0171s\u00f6lnek a strandokon, tavakn\u00e1l \u00e9s a ny\u00edlt vizek mellett. A J\u00e1sz-Nagykun-Szolnok Megyei Rend\u0151r-f\u0151kapit\u00e1nys\u00e1g aj\u00e1nl\u00e1saival k\u00edv\u00e1nja felh\u00edvni a figyelmet a f\u00fcrd\u0151z\u00e9s szab\u00e1lyaira.<\/p>\n<p>A v\u00edz j\u00f3 bar\u00e1t, de adott esetben a meggondolatlan ember sz\u00e1m\u00e1ra v\u00e9gzetes ellens\u00e9gg\u00e9 v\u00e1lhat. Szabadvizek ment\u00e9n a legbiztons\u00e1gosabb a kijel\u00f6lt f\u00fcrd\u0151helyen t\u00f6rt\u00e9n\u0151 f\u00fcrd\u0151z\u00e9s. Ezeket a helyeket szakemberek v\u00e1lasztj\u00e1k \u00e9s jel\u00f6lik ki. Itt vannak meg a felt\u00e9telek, amelyek lehet\u0151v\u00e9 teszik \u2013 sz\u00fcks\u00e9g eset\u00e9n \u2013 a gyors ment\u00e9st. Azonban ezeken a helyeken is \u00fcgyelni kell, hogy csak a f\u00fcrd\u0151helyet kijel\u00f6l\u0151 b\u00f3j\u00e1k k\u00f6z\u00f6tt t\u00f6rt\u00e9njen a f\u00fcrd\u0151z\u00e9s.<\/p>\n<p><strong>Tilos f\u00fcrdeni:<\/strong><\/p>\n<ul>\n<li><a id=\"pr11\" name=\"pr11\"><\/a><a id=\"pr12\" name=\"pr12\"><\/a><a id=\"pr13\" name=\"pr13\"><\/a><a id=\"pr14\" name=\"pr14\"><\/a><a id=\"pr15\" name=\"pr15\"><\/a><a id=\"pr16\" name=\"pr16\"><\/a><a id=\"pr17\" name=\"pr17\"><\/a><a id=\"pr18\" name=\"pr18\"><\/a>haj\u00f3\u00fatban,<\/li>\n<li>a haj\u00f3utat \u00e9s haj\u00f3z\u00e1si akad\u00e1lyt jelz\u0151 b\u00f3j\u00e1k, nagyhaj\u00f3k, \u00fasz\u00f3 munkag\u00e9pek \u00e9s f\u00fcrd\u00e9s c\u00e9lj\u00e1t nem szolg\u00e1l\u00f3 \u00fasz\u00f3m\u0171vek 100 m\u00e9teres k\u00f6rzet\u00e9ben,<\/li>\n<li>v\u00edzl\u00e9pcs\u0151k \u00e9s v\u00edzi munk\u00e1k 300 m\u00e9teres, hidak, v\u00edzkiv\u00e9teli m\u0171vek, egy\u00e9b v\u00edzi m\u0171t\u00e1rgyak, komp- \u00e9s r\u00e9v\u00e1tkel\u0151helyek 100 m\u00e9teres k\u00f6rzet\u00e9ben,<\/li>\n<li>kik\u00f6t\u0151k, vesztegl\u0151- \u00e9s rakod\u00f3helyek, kijel\u00f6lt z\u00e1rt v\u00edzis\u00ed \u00e9s v\u00edzi robog\u00f3 (jet-ski) p\u00e1ly\u00e1k, valamint egy\u00e9b motoros v\u00edzi sporteszk\u00f6z k\u00f6zleked\u00e9s\u00e9re szolg\u00e1l\u00f3 p\u00e1ly\u00e1k, haj\u00f3\u00e1llom\u00e1sok ter\u00fclet\u00e9n,<\/li>\n<li>eg\u00e9szs\u00e9gre \u00e1rtalmas vizekben,<\/li>\n<li>a kijel\u00f6lt f\u00fcrd\u0151helyek kiv\u00e9tel\u00e9vel a hat\u00e1rvizekben \u00e9s a v\u00e1rosok belter\u00fclet\u00e9n l\u00e9v\u0151 szabad vizekben,<\/li>\n<li>v\u00edzi j\u00e1rm\u0171 k\u00eds\u00e9rete n\u00e9lk\u00fcl a Balaton Somogy megy\u00e9hez tartoz\u00f3 ter\u00fclet\u00e9n, a partt\u00f3l 1000 m\u00e9tern\u00e9l, Veszpr\u00e9m \u00e9s Zala megy\u00e9hez tartoz\u00f3 ter\u00fclet\u00e9n a partt\u00f3l 500 m\u00e9tern\u00e9l nagyobb t\u00e1vols\u00e1gra, valamint a Tisza-t\u00f3 ter\u00fclet\u00e9n a partt\u00f3l 500 m\u00e9tern\u00e9l nagyobb t\u00e1vols\u00e1gra;<\/li>\n<li>\u00e9jszaka \u00e9s korl\u00e1tozott l\u00e1t\u00e1si viszonyok k\u00f6z\u00f6tt, kiv\u00e9ve, ha a v\u00edzter\u00fclet megvil\u00e1g\u00edtott, \u00e9s legfeljebb a m\u00e9lyv\u00edz hat\u00e1r\u00e1ig,<\/li>\n<li>ahol azt tilt\u00f3 t\u00e1bla jelzi.<\/li>\n<\/ul>\n<p><strong>N\u00e9h\u00e1ny j\u00f3 tan\u00e1cs:<\/strong><\/p>\n<ul>\n<li>Ne f\u00fcr\u00f6dj\u00f6n teli gyomorral!<\/li>\n<li>Soha ne ugorjon felhev\u00fclt testtel a v\u00edzbe!<\/li>\n<li>Figyeljen a v\u00edz alatti akad\u00e1lyokra!<\/li>\n<li>Soha ne \u00fasszon egyed\u00fcl, t\u00e1rsnak lehet\u0151leg feln\u0151ttet v\u00e1lasszon!<\/li>\n<li>Ne \u00fasszon \u00e9s ne bukjon a v\u00edz al\u00e1 ugr\u00e1l\u00e1sra kijel\u00f6lt ter\u00fcleten!<\/li>\n<li>Figyelje a strand ter\u00fclet\u00e9t jelz\u0151 b\u00f3j\u00e1kat!<\/li>\n<li>Ne f\u00fcr\u00f6dj\u00f6n alkoholos \u00e1llapotban!<\/li>\n<li>Ha nem tud \u00faszni, ne haszn\u00e1ljon gumimatracot!<\/li>\n<li>Ismeretlen helyen soha ne ugorjon a v\u00edzbe!<\/li>\n<\/ul>\n<p>Hat \u00e9ven aluli, tov\u00e1bb\u00e1 \u00faszni nem tud\u00f3 12 \u00e9ven aluli gyermek csak feln\u0151tt k\u00f6zvetlen fel\u00fcgyelete mellett f\u00fcr\u00f6dhet a szabad vizekben.<\/p>\n<p>Az \u00faszni nem tud\u00f3 gyermekeknek mindenf\u00e9lek\u00e9pp, de a j\u00f3l \u00fasz\u00f3knak is c\u00e9lszer\u0171 a ment\u0151mell\u00e9ny vagy ment\u0151-gall\u00e9r haszn\u00e1lata. Az \u00fasz\u00f3gumi haszn\u00e1lat\u00e1n\u00e1l figyelembe kell venni -mivel egys\u00e9ges m\u00e9retben k\u00e9sz\u00fclnek-, hogy ha nem megfelel\u0151 szoross\u00e1g\u00fa, akkor a haszn\u00e1l\u00f3ja k\u00f6nnyen kics\u00faszhat bel\u0151le, ha pedig t\u00fal szoros, felbillen\u00e9s eset\u00e9n fizikailag neh\u00e9z a megfelel\u0151 testhelyzet \u00fajb\u00f3li felv\u00e9tele, ez\u00e9rt ez k\u00f6nnyen v\u00e9gzetess\u00e9 v\u00e1lhat. A kar\u00fasz\u00f3 nem ny\u00fajt megfelel\u0151 biztons\u00e1got!<\/p>\n<p><img fetchpriority=\"high\" decoding=\"async\" class=\" size-full wp-image-3458\" src=\"https:\/\/miklostv.com\/new\/wp-content\/uploads\/2019\/06\/IMG_9961.jpg\" alt=\"IMG_9961.jpg\" width=\"334\" height=\"250\" srcset=\"https:\/\/miklostv.com\/new\/wp-content\/uploads\/2019\/06\/IMG_9961.jpg 334w, https:\/\/miklostv.com\/new\/wp-content\/uploads\/2019\/06\/IMG_9961-300x225.jpg 300w\" sizes=\"(max-width: 334px) 100vw, 334px\" \/><\/p>\n","protected":false},"excerpt":{"rendered":"<p>Gyorsan itt a vak\u00e1ci\u00f3, meg\u00e9rkezett a meleg is. Gyermekek \u00e9s sz\u00fcleik h\u0171s\u00f6lnek a strandokon, tavakn\u00e1l \u00e9s a ny\u00edlt vizek mellett. A J\u00e1sz-Nagykun-Szolnok Megyei Rend\u0151r-f\u0151kapit\u00e1nys\u00e1g aj\u00e1nl\u00e1saival k\u00edv\u00e1nja felh\u00edvni a figyelmet a f\u00fcrd\u0151z\u00e9s szab\u00e1lyaira. A v\u00edz j\u00f3 bar\u00e1t, de adott esetben a meggondolatlan ember sz\u00e1m\u00e1ra v\u00e9gzetes ellens\u00e9gg\u00e9 v\u00e1lhat. Szabadvizek ment\u00e9n a legbiztons\u00e1gosabb a kijel\u00f6lt f\u00fcrd\u0151helyen t\u00f6rt\u00e9n\u0151 f\u00fcrd\u0151z\u00e9s. Ezeket a helyeket szakemberek v\u00e1lasztj\u00e1k \u00e9s jel\u00f6lik ki. Itt vannak meg a felt\u00e9telek, amelyek lehet\u0151v\u00e9 teszik \u2013 sz\u00fcks\u00e9g eset\u00e9n \u2013 a gyors ment\u00e9st. Azonban ezeken a helyeken is \u00fcgyelni kell, hogy csak a f\u00fcrd\u0151helyet kijel\u00f6l\u0151&hellip;<\/p>\n","protected":false},"author":1,"featured_media":3457,"comment_status":"open","ping_status":"open","sticky":false,"template":"","format":"standard","meta":{"fifu_image_url":"","fifu_image_alt":"","footnotes":""},"categories":[41],"tags":[],"class_list":["post-3459","post","type-post","status-publish","format-standard","has-post-thumbnail","hentry","category-rendorsegi-hirek"],"gutentor_comment":0,"yoast_head":"<!-- This site is optimized with the Yoast SEO plugin v27.5 - https:\/\/yoast.com\/product\/yoast-seo-wordpress\/ -->\n<title>VESZ\u00c9LYTELEN F\u00dcRD\u0150Z\u00c9S - SZAB\u00c1LYOK \u00c9S TAN\u00c1CSOK - Mikl\u00f3s TV<\/title>\n<meta name=\"robots\" content=\"index, follow, max-snippet:-1, max-image-preview:large, max-video-preview:-1\" \/>\n<link rel=\"canonical\" href=\"https:\/\/miklostv.com\/new\/2019\/06\/13\/veszelytelen-furdozes-szabalyok-es-tanacsok\/\" \/>\n<meta property=\"og:locale\" content=\"hu_HU\" \/>\n<meta property=\"og:type\" content=\"article\" \/>\n<meta property=\"og:title\" content=\"VESZ\u00c9LYTELEN F\u00dcRD\u0150Z\u00c9S - SZAB\u00c1LYOK \u00c9S TAN\u00c1CSOK - Mikl\u00f3s TV\" \/>\n<meta property=\"og:description\" content=\"Gyorsan itt a vak\u00e1ci\u00f3, meg\u00e9rkezett a meleg is. Gyermekek \u00e9s sz\u00fcleik h\u0171s\u00f6lnek a strandokon, tavakn\u00e1l \u00e9s a ny\u00edlt vizek mellett. A J\u00e1sz-Nagykun-Szolnok Megyei Rend\u0151r-f\u0151kapit\u00e1nys\u00e1g aj\u00e1nl\u00e1saival k\u00edv\u00e1nja felh\u00edvni a figyelmet a f\u00fcrd\u0151z\u00e9s szab\u00e1lyaira. A v\u00edz j\u00f3 bar\u00e1t, de adott esetben a meggondolatlan ember sz\u00e1m\u00e1ra v\u00e9gzetes ellens\u00e9gg\u00e9 v\u00e1lhat. Szabadvizek ment\u00e9n a legbiztons\u00e1gosabb a kijel\u00f6lt f\u00fcrd\u0151helyen t\u00f6rt\u00e9n\u0151 f\u00fcrd\u0151z\u00e9s. Ezeket a helyeket szakemberek v\u00e1lasztj\u00e1k \u00e9s jel\u00f6lik ki. Itt vannak meg a felt\u00e9telek, amelyek lehet\u0151v\u00e9 teszik \u2013 sz\u00fcks\u00e9g eset\u00e9n \u2013 a gyors ment\u00e9st. Azonban ezeken a helyeken is \u00fcgyelni kell, hogy csak a f\u00fcrd\u0151helyet kijel\u00f6l\u0151&hellip;\" \/>\n<meta property=\"og:url\" content=\"https:\/\/miklostv.com\/new\/2019\/06\/13\/veszelytelen-furdozes-szabalyok-es-tanacsok\/\" \/>\n<meta property=\"og:site_name\" content=\"Mikl\u00f3s TV\" \/>\n<meta property=\"article:published_time\" content=\"2019-06-13T15:11:53+00:00\" \/>\n<meta property=\"og:image\" content=\"https:\/\/miklostv.com\/new\/wp-content\/uploads\/2019\/06\/9_302.jpg\" \/>\n\t<meta property=\"og:image:width\" content=\"376\" \/>\n\t<meta property=\"og:image:height\" content=\"250\" \/>\n\t<meta property=\"og:image:type\" content=\"image\/jpeg\" \/>\n<meta name=\"author\" content=\"S\u00e1ndor\" \/>\n<meta name=\"twitter:card\" content=\"summary_large_image\" \/>\n<meta name=\"twitter:label1\" content=\"Szerz\u0151:\" \/>\n\t<meta name=\"twitter:data1\" content=\"S\u00e1ndor\" \/>\n\t<meta name=\"twitter:label2\" content=\"Becs\u00fclt olvas\u00e1si id\u0151\" \/>\n\t<meta name=\"twitter:data2\" content=\"3 perc\" \/>\n<script type=\"application\/ld+json\" class=\"yoast-schema-graph\">{\"@context\":\"https:\\\/\\\/schema.org\",\"@graph\":[{\"@type\":\"NewsArticle\",\"@id\":\"https:\\\/\\\/miklostv.com\\\/new\\\/2019\\\/06\\\/13\\\/veszelytelen-furdozes-szabalyok-es-tanacsok\\\/#article\",\"isPartOf\":{\"@id\":\"https:\\\/\\\/miklostv.com\\\/new\\\/2019\\\/06\\\/13\\\/veszelytelen-furdozes-szabalyok-es-tanacsok\\\/\"},\"author\":{\"name\":\"S\u00e1ndor\",\"@id\":\"https:\\\/\\\/miklostv.com\\\/new\\\/#\\\/schema\\\/person\\\/6339cdd0bbd336ec6345812e3958be3b\"},\"headline\":\"VESZ\u00c9LYTELEN F\u00dcRD\u0150Z\u00c9S &#8211; SZAB\u00c1LYOK \u00c9S TAN\u00c1CSOK\",\"datePublished\":\"2019-06-13T15:11:53+00:00\",\"mainEntityOfPage\":{\"@id\":\"https:\\\/\\\/miklostv.com\\\/new\\\/2019\\\/06\\\/13\\\/veszelytelen-furdozes-szabalyok-es-tanacsok\\\/\"},\"wordCount\":625,\"commentCount\":0,\"image\":{\"@id\":\"https:\\\/\\\/miklostv.com\\\/new\\\/2019\\\/06\\\/13\\\/veszelytelen-furdozes-szabalyok-es-tanacsok\\\/#primaryimage\"},\"thumbnailUrl\":\"https:\\\/\\\/miklostv.com\\\/new\\\/wp-content\\\/uploads\\\/2019\\\/06\\\/9_302.jpg\",\"articleSection\":[\"Rend\u0151rs\u00e9gi h\u00edrek\"],\"inLanguage\":\"hu\"},{\"@type\":\"WebPage\",\"@id\":\"https:\\\/\\\/miklostv.com\\\/new\\\/2019\\\/06\\\/13\\\/veszelytelen-furdozes-szabalyok-es-tanacsok\\\/\",\"url\":\"https:\\\/\\\/miklostv.com\\\/new\\\/2019\\\/06\\\/13\\\/veszelytelen-furdozes-szabalyok-es-tanacsok\\\/\",\"name\":\"VESZ\u00c9LYTELEN F\u00dcRD\u0150Z\u00c9S - SZAB\u00c1LYOK \u00c9S TAN\u00c1CSOK - Mikl\u00f3s TV\",\"isPartOf\":{\"@id\":\"https:\\\/\\\/miklostv.com\\\/new\\\/#website\"},\"primaryImageOfPage\":{\"@id\":\"https:\\\/\\\/miklostv.com\\\/new\\\/2019\\\/06\\\/13\\\/veszelytelen-furdozes-szabalyok-es-tanacsok\\\/#primaryimage\"},\"image\":{\"@id\":\"https:\\\/\\\/miklostv.com\\\/new\\\/2019\\\/06\\\/13\\\/veszelytelen-furdozes-szabalyok-es-tanacsok\\\/#primaryimage\"},\"thumbnailUrl\":\"https:\\\/\\\/miklostv.com\\\/new\\\/wp-content\\\/uploads\\\/2019\\\/06\\\/9_302.jpg\",\"datePublished\":\"2019-06-13T15:11:53+00:00\",\"author\":{\"@id\":\"https:\\\/\\\/miklostv.com\\\/new\\\/#\\\/schema\\\/person\\\/6339cdd0bbd336ec6345812e3958be3b\"},\"breadcrumb\":{\"@id\":\"https:\\\/\\\/miklostv.com\\\/new\\\/2019\\\/06\\\/13\\\/veszelytelen-furdozes-szabalyok-es-tanacsok\\\/#breadcrumb\"},\"inLanguage\":\"hu\",\"potentialAction\":[{\"@type\":\"ReadAction\",\"target\":[\"https:\\\/\\\/miklostv.com\\\/new\\\/2019\\\/06\\\/13\\\/veszelytelen-furdozes-szabalyok-es-tanacsok\\\/\"]}]},{\"@type\":\"ImageObject\",\"inLanguage\":\"hu\",\"@id\":\"https:\\\/\\\/miklostv.com\\\/new\\\/2019\\\/06\\\/13\\\/veszelytelen-furdozes-szabalyok-es-tanacsok\\\/#primaryimage\",\"url\":\"https:\\\/\\\/miklostv.com\\\/new\\\/wp-content\\\/uploads\\\/2019\\\/06\\\/9_302.jpg\",\"contentUrl\":\"https:\\\/\\\/miklostv.com\\\/new\\\/wp-content\\\/uploads\\\/2019\\\/06\\\/9_302.jpg\",\"width\":376,\"height\":250,\"caption\":\"9_302.jpg\"},{\"@type\":\"BreadcrumbList\",\"@id\":\"https:\\\/\\\/miklostv.com\\\/new\\\/2019\\\/06\\\/13\\\/veszelytelen-furdozes-szabalyok-es-tanacsok\\\/#breadcrumb\",\"itemListElement\":[{\"@type\":\"ListItem\",\"position\":1,\"name\":\"Kezd\u0151lap\",\"item\":\"https:\\\/\\\/miklostv.com\\\/new\\\/\"},{\"@type\":\"ListItem\",\"position\":2,\"name\":\"VESZ\u00c9LYTELEN F\u00dcRD\u0150Z\u00c9S &#8211; SZAB\u00c1LYOK \u00c9S TAN\u00c1CSOK\"}]},{\"@type\":\"WebSite\",\"@id\":\"https:\\\/\\\/miklostv.com\\\/new\\\/#website\",\"url\":\"https:\\\/\\\/miklostv.com\\\/new\\\/\",\"name\":\"Mikl\u00f3s TV\",\"description\":\"Mikl\u00f3s TV\",\"potentialAction\":[{\"@type\":\"SearchAction\",\"target\":{\"@type\":\"EntryPoint\",\"urlTemplate\":\"https:\\\/\\\/miklostv.com\\\/new\\\/?s={search_term_string}\"},\"query-input\":{\"@type\":\"PropertyValueSpecification\",\"valueRequired\":true,\"valueName\":\"search_term_string\"}}],\"inLanguage\":\"hu\"},{\"@type\":\"Person\",\"@id\":\"https:\\\/\\\/miklostv.com\\\/new\\\/#\\\/schema\\\/person\\\/6339cdd0bbd336ec6345812e3958be3b\",\"name\":\"S\u00e1ndor\",\"sameAs\":[\"https:\\\/\\\/miklostv.com\\\/new\"],\"url\":\"https:\\\/\\\/miklostv.com\\\/new\\\/author\\\/sanyi\\\/\"}]}<\/script>\n<!-- \/ Yoast SEO plugin. -->","yoast_head_json":{"title":"VESZ\u00c9LYTELEN F\u00dcRD\u0150Z\u00c9S - SZAB\u00c1LYOK \u00c9S TAN\u00c1CSOK - Mikl\u00f3s TV","robots":{"index":"index","follow":"follow","max-snippet":"max-snippet:-1","max-image-preview":"max-image-preview:large","max-video-preview":"max-video-preview:-1"},"canonical":"https:\/\/miklostv.com\/new\/2019\/06\/13\/veszelytelen-furdozes-szabalyok-es-tanacsok\/","og_locale":"hu_HU","og_type":"article","og_title":"VESZ\u00c9LYTELEN F\u00dcRD\u0150Z\u00c9S - SZAB\u00c1LYOK \u00c9S TAN\u00c1CSOK - Mikl\u00f3s TV","og_description":"Gyorsan itt a vak\u00e1ci\u00f3, meg\u00e9rkezett a meleg is. Gyermekek \u00e9s sz\u00fcleik h\u0171s\u00f6lnek a strandokon, tavakn\u00e1l \u00e9s a ny\u00edlt vizek mellett. A J\u00e1sz-Nagykun-Szolnok Megyei Rend\u0151r-f\u0151kapit\u00e1nys\u00e1g aj\u00e1nl\u00e1saival k\u00edv\u00e1nja felh\u00edvni a figyelmet a f\u00fcrd\u0151z\u00e9s szab\u00e1lyaira. A v\u00edz j\u00f3 bar\u00e1t, de adott esetben a meggondolatlan ember sz\u00e1m\u00e1ra v\u00e9gzetes ellens\u00e9gg\u00e9 v\u00e1lhat. Szabadvizek ment\u00e9n a legbiztons\u00e1gosabb a kijel\u00f6lt f\u00fcrd\u0151helyen t\u00f6rt\u00e9n\u0151 f\u00fcrd\u0151z\u00e9s. Ezeket a helyeket szakemberek v\u00e1lasztj\u00e1k \u00e9s jel\u00f6lik ki. Itt vannak meg a felt\u00e9telek, amelyek lehet\u0151v\u00e9 teszik \u2013 sz\u00fcks\u00e9g eset\u00e9n \u2013 a gyors ment\u00e9st. Azonban ezeken a helyeken is \u00fcgyelni kell, hogy csak a f\u00fcrd\u0151helyet kijel\u00f6l\u0151&hellip;","og_url":"https:\/\/miklostv.com\/new\/2019\/06\/13\/veszelytelen-furdozes-szabalyok-es-tanacsok\/","og_site_name":"Mikl\u00f3s TV","article_published_time":"2019-06-13T15:11:53+00:00","og_image":[{"width":376,"height":250,"url":"https:\/\/miklostv.com\/new\/wp-content\/uploads\/2019\/06\/9_302.jpg","type":"image\/jpeg"}],"author":"S\u00e1ndor","twitter_card":"summary_large_image","twitter_misc":{"Szerz\u0151:":"S\u00e1ndor","Becs\u00fclt olvas\u00e1si id\u0151":"3 perc"},"schema":{"@context":"https:\/\/schema.org","@graph":[{"@type":"NewsArticle","@id":"https:\/\/miklostv.com\/new\/2019\/06\/13\/veszelytelen-furdozes-szabalyok-es-tanacsok\/#article","isPartOf":{"@id":"https:\/\/miklostv.com\/new\/2019\/06\/13\/veszelytelen-furdozes-szabalyok-es-tanacsok\/"},"author":{"name":"S\u00e1ndor","@id":"https:\/\/miklostv.com\/new\/#\/schema\/person\/6339cdd0bbd336ec6345812e3958be3b"},"headline":"VESZ\u00c9LYTELEN F\u00dcRD\u0150Z\u00c9S &#8211; SZAB\u00c1LYOK \u00c9S TAN\u00c1CSOK","datePublished":"2019-06-13T15:11:53+00:00","mainEntityOfPage":{"@id":"https:\/\/miklostv.com\/new\/2019\/06\/13\/veszelytelen-furdozes-szabalyok-es-tanacsok\/"},"wordCount":625,"commentCount":0,"image":{"@id":"https:\/\/miklostv.com\/new\/2019\/06\/13\/veszelytelen-furdozes-szabalyok-es-tanacsok\/#primaryimage"},"thumbnailUrl":"https:\/\/miklostv.com\/new\/wp-content\/uploads\/2019\/06\/9_302.jpg","articleSection":["Rend\u0151rs\u00e9gi h\u00edrek"],"inLanguage":"hu"},{"@type":"WebPage","@id":"https:\/\/miklostv.com\/new\/2019\/06\/13\/veszelytelen-furdozes-szabalyok-es-tanacsok\/","url":"https:\/\/miklostv.com\/new\/2019\/06\/13\/veszelytelen-furdozes-szabalyok-es-tanacsok\/","name":"VESZ\u00c9LYTELEN F\u00dcRD\u0150Z\u00c9S - SZAB\u00c1LYOK \u00c9S TAN\u00c1CSOK - Mikl\u00f3s TV","isPartOf":{"@id":"https:\/\/miklostv.com\/new\/#website"},"primaryImageOfPage":{"@id":"https:\/\/miklostv.com\/new\/2019\/06\/13\/veszelytelen-furdozes-szabalyok-es-tanacsok\/#primaryimage"},"image":{"@id":"https:\/\/miklostv.com\/new\/2019\/06\/13\/veszelytelen-furdozes-szabalyok-es-tanacsok\/#primaryimage"},"thumbnailUrl":"https:\/\/miklostv.com\/new\/wp-content\/uploads\/2019\/06\/9_302.jpg","datePublished":"2019-06-13T15:11:53+00:00","author":{"@id":"https:\/\/miklostv.com\/new\/#\/schema\/person\/6339cdd0bbd336ec6345812e3958be3b"},"breadcrumb":{"@id":"https:\/\/miklostv.com\/new\/2019\/06\/13\/veszelytelen-furdozes-szabalyok-es-tanacsok\/#breadcrumb"},"inLanguage":"hu","potentialAction":[{"@type":"ReadAction","target":["https:\/\/miklostv.com\/new\/2019\/06\/13\/veszelytelen-furdozes-szabalyok-es-tanacsok\/"]}]},{"@type":"ImageObject","inLanguage":"hu","@id":"https:\/\/miklostv.com\/new\/2019\/06\/13\/veszelytelen-furdozes-szabalyok-es-tanacsok\/#primaryimage","url":"https:\/\/miklostv.com\/new\/wp-content\/uploads\/2019\/06\/9_302.jpg","contentUrl":"https:\/\/miklostv.com\/new\/wp-content\/uploads\/2019\/06\/9_302.jpg","width":376,"height":250,"caption":"9_302.jpg"},{"@type":"BreadcrumbList","@id":"https:\/\/miklostv.com\/new\/2019\/06\/13\/veszelytelen-furdozes-szabalyok-es-tanacsok\/#breadcrumb","itemListElement":[{"@type":"ListItem","position":1,"name":"Kezd\u0151lap","item":"https:\/\/miklostv.com\/new\/"},{"@type":"ListItem","position":2,"name":"VESZ\u00c9LYTELEN F\u00dcRD\u0150Z\u00c9S &#8211; SZAB\u00c1LYOK \u00c9S TAN\u00c1CSOK"}]},{"@type":"WebSite","@id":"https:\/\/miklostv.com\/new\/#website","url":"https:\/\/miklostv.com\/new\/","name":"Mikl\u00f3s TV","description":"Mikl\u00f3s TV","potentialAction":[{"@type":"SearchAction","target":{"@type":"EntryPoint","urlTemplate":"https:\/\/miklostv.com\/new\/?s={search_term_string}"},"query-input":{"@type":"PropertyValueSpecification","valueRequired":true,"valueName":"search_term_string"}}],"inLanguage":"hu"},{"@type":"Person","@id":"https:\/\/miklostv.com\/new\/#\/schema\/person\/6339cdd0bbd336ec6345812e3958be3b","name":"S\u00e1ndor","sameAs":["https:\/\/miklostv.com\/new"],"url":"https:\/\/miklostv.com\/new\/author\/sanyi\/"}]}},"_links":{"self":[{"href":"https:\/\/miklostv.com\/new\/wp-json\/wp\/v2\/posts\/3459","targetHints":{"allow":["GET"]}}],"collection":[{"href":"https:\/\/miklostv.com\/new\/wp-json\/wp\/v2\/posts"}],"about":[{"href":"https:\/\/miklostv.com\/new\/wp-json\/wp\/v2\/types\/post"}],"author":[{"embeddable":true,"href":"https:\/\/miklostv.com\/new\/wp-json\/wp\/v2\/users\/1"}],"replies":[{"embeddable":true,"href":"https:\/\/miklostv.com\/new\/wp-json\/wp\/v2\/comments?post=3459"}],"version-history":[{"count":0,"href":"https:\/\/miklostv.com\/new\/wp-json\/wp\/v2\/posts\/3459\/revisions"}],"wp:featuredmedia":[{"embeddable":true,"href":"https:\/\/miklostv.com\/new\/wp-json\/wp\/v2\/media\/3457"}],"wp:attachment":[{"href":"https:\/\/miklostv.com\/new\/wp-json\/wp\/v2\/media?parent=3459"}],"wp:term":[{"taxonomy":"category","embeddable":true,"href":"https:\/\/miklostv.com\/new\/wp-json\/wp\/v2\/categories?post=3459"},{"taxonomy":"post_tag","embeddable":true,"href":"https:\/\/miklostv.com\/new\/wp-json\/wp\/v2\/tags?post=3459"}],"curies":[{"name":"wp","href":"https:\/\/api.w.org\/{rel}","templated":true}]}}