{"id":3188,"date":"2019-04-03T14:06:49","date_gmt":"2019-04-03T14:06:49","guid":{"rendered":"https:\/\/miklostv.com\/new\/2019\/04\/03\/a-mese-nemcsak-a-gyerekeket-a-felnotteket-is-gyogyitja2\/"},"modified":"2019-04-03T14:06:49","modified_gmt":"2019-04-03T14:06:49","slug":"a-mese-nemcsak-a-gyerekeket-a-felnotteket-is-gyogyitja2","status":"publish","type":"post","link":"https:\/\/miklostv.com\/new\/2019\/04\/03\/a-mese-nemcsak-a-gyerekeket-a-felnotteket-is-gyogyitja2\/","title":{"rendered":"A MESE NEMCSAK A GYEREKEKET, A FELN\u0150TTEKET IS GY\u00d3GY\u00cdTJA"},"content":{"rendered":"<h2><strong><span style=\"background-color: inherit; color: inherit; font-family: inherit; font-size: 1rem;\">\u00c1prilist\u00f3l 46 k\u00f3rh\u00e1z v\u00e1rja \u00faj id\u0151pontokkal a K&amp;H gy\u00f3gyvar\u00e1zs mesedoktorokat<\/span><\/strong><\/h2>\n<p>Budapest, 2019. \u00e1prilis 1. \u2013 <strong>Az orsz\u00e1g 46 k\u00f3rh\u00e1z\u00e1ban v\u00e1rj\u00e1k a K&amp;H mesedoktorokat, akik mes\u00e9j\u00fckkel mosolyt var\u00e1zsolnak a gyerekek arc\u00e1ra. A friss\u00edtett id\u0151pontok remek lehet\u0151s\u00e9get biztos\u00edtanak, hogy a szem\u00e9lyes meseolvas\u00e1s sor\u00e1n m\u00e9lt\u00f3 m\u00f3don \u00fcnnepelj\u00fck a Nemzetk\u00f6zi Gyermekk\u00f6nyvnapot, \u00e9s felh\u00edvjuk a figyelmet arra, hogy a mes\u00e9k vil\u00e1ga nemcsak a gyerekek gy\u00f3gyul\u00e1s\u00e1t seg\u00edti, hanem a feln\u0151tteknek is lehet\u0151s\u00e9get ad lelassulni a mindennapok rohan\u00f3 temp\u00f3j\u00e1b\u00f3l. <\/strong><\/p>\n<p>\u00c1prilis 2-\u00e1n \u2013 Hans Christian Andersen d\u00e1n mese\u00edr\u00f3 sz\u00fclet\u00e9snapj\u00e1n \u2013 \u00fcnnepelj\u00fck a Nemzetk\u00f6zi Gyerekk\u00f6nyvnapot. A kezdem\u00e9nyez\u00e9s idei kulcs\u00fczenete, hogy a meseolvas\u00e1s sor\u00e1n \u00e1tl\u00e9phet\u00fcnk a mes\u00e9k vil\u00e1g\u00e1ba, ahol elcsendesedhet\u00fcnk, \u00e9s a rohan\u00f3 temp\u00f3t h\u00e1trahagyva megpihenhet\u00fcnk. Erre pedig egyre nagyobb sz\u00fcks\u00e9g lehet, hiszen a rohan\u00e1s \u00e9s a hatalmas mennyis\u00e9g\u0171 inform\u00e1ci\u00f3 a mindennapok r\u00e9sz\u00e9v\u00e9 v\u00e1lt. A Kalifornia-San Diego Egyetem kor\u00e1bbi kutat\u00e1sa szerint az internetez\u00e9s \u00e1ltal \u00e1tlagosan 34 GB mennyis\u00e9g\u0171 adat \u00e9s sz\u00e1mtalan, gyorsan v\u00e1ltoz\u00f3 inger \u00e9ri naponta az embert telev\u00edzi\u00f3n\u00e9z\u00e9s, r\u00e1di\u00f3hallgat\u00e1s vagy ak\u00e1r utaz\u00e1s k\u00f6zben. Lass\u00edtva azonban lehet\u0151s\u00e9g\u00fcnk van az \u00e9let olyan apr\u00f3 sz\u00e9ps\u00e9geit felfedezni \u2013 mint n\u00e9h\u00e1ny finom falat, egy kedves mosoly vagy a szeretteinkkel egy\u00fctt t\u00f6lt\u00f6tt id\u0151 \u2013 amit a h\u00e9tk\u00f6znapokon nem mindig vesz\u00fcnk \u00e9szre vagy sz\u00e1nunk r\u00e1 id\u0151t. Erre pedig most is j\u00f3 lehet\u0151s\u00e9get k\u00edn\u00e1l a K&amp;H mesedoktorok program, amelyben nemcsak a beteg gyermekek gy\u00f3gyul\u00e1s\u00e1t seg\u00edthetj\u00fck, de saj\u00e1t magunknak is felt\u00f6lthetj\u00fck.<\/p>\n<p>\u201e2013-ban indult K&amp;H gy\u00f3gyvar\u00e1zs mesedoktorok program c\u00e9lja, hogy a k\u00f3rh\u00e1zban fekv\u0151 kisgyerekekhez eljusson a mes\u00e9k ereje, \u00e9s ezzel hozz\u00e1j\u00e1ruljunk a testi-lelki gy\u00f3gyul\u00e1sukhoz, hogy miel\u0151bb teljes \u00e9letet \u00e9lhessenek. A program \u00e1prilist\u00f3l friss id\u0151pontokkal v\u00e1rja a lelkes meseolvas\u00f3kat, \u00edgy az orsz\u00e1g 46 k\u00f3rh\u00e1z\u00e1ban van lehet\u0151s\u00e9g arra, hogy a gyerekek gy\u00f3gyul\u00e1s\u00e1nak seg\u00edt\u00e9se mellett mi is kicsit kiszakadjunk a h\u00e9tk\u00f6znapok s\u0171r\u0171j\u00e9b\u0151l \u00e9s \u00e1tadjuk magunkat kedvenc t\u00f6rt\u00e9neteink &nbsp;var\u00e1zslatos vil\u00e1g\u00e1nak\u201d \u2013 mondta el<strong> Horv\u00e1th Magyary N\u00f3ra, a K&amp;H Csoport kommunik\u00e1ci\u00f3s \u00fcgyvezet\u0151 igazgat\u00f3ja.<\/strong><\/p>\n<p>A friss\u00edtett id\u0151pontok \u00e9s tov\u00e1bbi r\u00e9szletek a programr\u00f3l itt tal\u00e1lhat\u00f3ak:<\/p>\n<p><a href=\"https:\/\/www.khgyogyvarazs.hu\/szemelyes-meseolvasas\" target=\"_blank\" rel=\"noopener\">https:\/\/www.khgyogyvarazs.hu\/szemelyes-meseolvasas<\/a><\/p>\n<hr \/>\n<p><strong>A K&amp;H gy\u00f3gyvar\u00e1zs programr\u00f3l <\/strong><\/p>\n<p>A K&amp;H Csoport a gyermekeg\u00e9szs\u00e9g\u00fcgy elk\u00f6telezett t\u00e1mogat\u00f3ja, \u00e9vr\u0151l \u00e9vre tudatosan t\u00f6rekszik arra, hogy a ter\u00fclet v\u00e1ltoz\u00f3 ig\u00e9nyeinek megfelel\u0151 lehet\u0151s\u00e9geket k\u00edn\u00e1ljon fel az egyes int\u00e9zetek \u00e9s szakembereik sz\u00e1m\u00e1ra. A <strong>K&amp;H gy\u00f3gyvar\u00e1zs program <\/strong>keret\u00e9ben 2004 \u00f3ta t\u00f6bb mint 661 milli\u00f3 forint \u00e9rt\u00e9kben, \u00f6sszesen 460 alkalommal kaptak m\u0171szereket a k\u00f3rh\u00e1zak, ment\u0151\u00e1llom\u00e1sok \u00e9s h\u00e1ziorvosi rendel\u0151k annak \u00e9rdek\u00e9ben, hogy a gyerekek min\u00e9l hat\u00e9konyabban gy\u00f3gyulhassanak, \u00e9s \u00fajra eg\u00e9szs\u00e9ges, teljes \u00e9letet \u00e9lhessenek.<\/p>\n<p>A K&amp;H Csoport a gyermekek testi gy\u00f3gyul\u00e1sa mellett lelki eg\u00e9szs\u00e9g\u00fckh\u00f6z is hozz\u00e1j\u00e1rul. A 2013 \u00f3ta m\u0171k\u00f6d\u0151 <strong>K&amp;H gy\u00f3gyvar\u00e1zs mesedoktorok <\/strong>program m\u00e1ra az orsz\u00e1g egyik legnagyobb \u00f6nk\u00e9ntes kezdem\u00e9nyez\u00e9s\u00e9v\u00e9 v\u00e1lt, melynek keret\u00e9ben b\u00e1rki seg\u00edtheti a k\u00f3rh\u00e1zban fekv\u0151 gyerekek gy\u00f3gyul\u00e1s\u00e1t. Az orsz\u00e1g 46 k\u00f3rh\u00e1z\u00e1ban v\u00e1rj\u00e1k szem\u00e9lyesen az \u00f6nk\u00e9ntes meseolvas\u00f3kat, de a K&amp;H gy\u00f3gyvar\u00e1zs Youtube csatorn\u00e1j\u00e1n kereszt\u00fcl vide\u00f3n is.<br \/><img fetchpriority=\"high\" decoding=\"async\" class=\" size-full wp-image-3187\" style=\"display: block; margin-left: auto; margin-right: auto;\" src=\"https:\/\/miklostv.com\/new\/wp-content\/uploads\/2019\/04\/kendh_logok.png\" alt=\"kendh logok\" width=\"845\" height=\"164\" srcset=\"https:\/\/miklostv.com\/new\/wp-content\/uploads\/2019\/04\/kendh_logok.png 1351w, https:\/\/miklostv.com\/new\/wp-content\/uploads\/2019\/04\/kendh_logok-300x58.png 300w, https:\/\/miklostv.com\/new\/wp-content\/uploads\/2019\/04\/kendh_logok-1024x199.png 1024w, https:\/\/miklostv.com\/new\/wp-content\/uploads\/2019\/04\/kendh_logok-768x149.png 768w\" sizes=\"(max-width: 845px) 100vw, 845px\" \/><\/p>\n<p><a href=\"https:\/\/www.khgyogyvarazs.hu\/szemelyes-meseolvasas\"><\/a><\/p>\n","protected":false},"excerpt":{"rendered":"<p>\u00c1prilist\u00f3l 46 k\u00f3rh\u00e1z v\u00e1rja \u00faj id\u0151pontokkal a K&amp;H gy\u00f3gyvar\u00e1zs mesedoktorokat Budapest, 2019. \u00e1prilis 1. \u2013 Az orsz\u00e1g 46 k\u00f3rh\u00e1z\u00e1ban v\u00e1rj\u00e1k a K&amp;H mesedoktorokat, akik mes\u00e9j\u00fckkel mosolyt var\u00e1zsolnak a gyerekek arc\u00e1ra. A friss\u00edtett id\u0151pontok remek lehet\u0151s\u00e9get biztos\u00edtanak, hogy a szem\u00e9lyes meseolvas\u00e1s sor\u00e1n m\u00e9lt\u00f3 m\u00f3don \u00fcnnepelj\u00fck a Nemzetk\u00f6zi Gyermekk\u00f6nyvnapot, \u00e9s felh\u00edvjuk a figyelmet arra, hogy a mes\u00e9k vil\u00e1ga nemcsak a gyerekek gy\u00f3gyul\u00e1s\u00e1t seg\u00edti, hanem a feln\u0151tteknek is lehet\u0151s\u00e9get ad lelassulni a mindennapok rohan\u00f3 temp\u00f3j\u00e1b\u00f3l. \u00c1prilis 2-\u00e1n \u2013 Hans Christian Andersen d\u00e1n mese\u00edr\u00f3 sz\u00fclet\u00e9snapj\u00e1n \u2013 \u00fcnnepelj\u00fck a Nemzetk\u00f6zi Gyerekk\u00f6nyvnapot. A kezdem\u00e9nyez\u00e9s idei kulcs\u00fczenete,&hellip;<\/p>\n","protected":false},"author":1,"featured_media":3186,"comment_status":"open","ping_status":"open","sticky":false,"template":"","format":"standard","meta":{"fifu_image_url":"","fifu_image_alt":"","footnotes":""},"categories":[50],"tags":[],"class_list":["post-3188","post","type-post","status-publish","format-standard","has-post-thumbnail","hentry","category-varoson-tul"],"gutentor_comment":0,"yoast_head":"<!-- This site is optimized with the Yoast SEO plugin v27.4 - https:\/\/yoast.com\/product\/yoast-seo-wordpress\/ -->\n<title>A MESE NEMCSAK A GYEREKEKET, A FELN\u0150TTEKET IS GY\u00d3GY\u00cdTJA - Mikl\u00f3s TV<\/title>\n<meta name=\"robots\" content=\"index, follow, max-snippet:-1, max-image-preview:large, max-video-preview:-1\" \/>\n<link rel=\"canonical\" href=\"https:\/\/miklostv.com\/new\/2019\/04\/03\/a-mese-nemcsak-a-gyerekeket-a-felnotteket-is-gyogyitja2\/\" \/>\n<meta property=\"og:locale\" content=\"hu_HU\" \/>\n<meta property=\"og:type\" content=\"article\" \/>\n<meta property=\"og:title\" content=\"A MESE NEMCSAK A GYEREKEKET, A FELN\u0150TTEKET IS GY\u00d3GY\u00cdTJA - Mikl\u00f3s TV\" \/>\n<meta property=\"og:description\" content=\"\u00c1prilist\u00f3l 46 k\u00f3rh\u00e1z v\u00e1rja \u00faj id\u0151pontokkal a K&amp;H gy\u00f3gyvar\u00e1zs mesedoktorokat Budapest, 2019. \u00e1prilis 1. \u2013 Az orsz\u00e1g 46 k\u00f3rh\u00e1z\u00e1ban v\u00e1rj\u00e1k a K&amp;H mesedoktorokat, akik mes\u00e9j\u00fckkel mosolyt var\u00e1zsolnak a gyerekek arc\u00e1ra. A friss\u00edtett id\u0151pontok remek lehet\u0151s\u00e9get biztos\u00edtanak, hogy a szem\u00e9lyes meseolvas\u00e1s sor\u00e1n m\u00e9lt\u00f3 m\u00f3don \u00fcnnepelj\u00fck a Nemzetk\u00f6zi Gyermekk\u00f6nyvnapot, \u00e9s felh\u00edvjuk a figyelmet arra, hogy a mes\u00e9k vil\u00e1ga nemcsak a gyerekek gy\u00f3gyul\u00e1s\u00e1t seg\u00edti, hanem a feln\u0151tteknek is lehet\u0151s\u00e9get ad lelassulni a mindennapok rohan\u00f3 temp\u00f3j\u00e1b\u00f3l. \u00c1prilis 2-\u00e1n \u2013 Hans Christian Andersen d\u00e1n mese\u00edr\u00f3 sz\u00fclet\u00e9snapj\u00e1n \u2013 \u00fcnnepelj\u00fck a Nemzetk\u00f6zi Gyerekk\u00f6nyvnapot. A kezdem\u00e9nyez\u00e9s idei kulcs\u00fczenete,&hellip;\" \/>\n<meta property=\"og:url\" content=\"https:\/\/miklostv.com\/new\/2019\/04\/03\/a-mese-nemcsak-a-gyerekeket-a-felnotteket-is-gyogyitja2\/\" \/>\n<meta property=\"og:site_name\" content=\"Mikl\u00f3s TV\" \/>\n<meta property=\"article:published_time\" content=\"2019-04-03T14:06:49+00:00\" \/>\n<meta property=\"og:image\" content=\"https:\/\/miklostv.com\/new\/wp-content\/uploads\/2019\/04\/KH-gyogyvarazs-logo.png\" \/>\n\t<meta property=\"og:image:width\" content=\"250\" \/>\n\t<meta property=\"og:image:height\" content=\"111\" \/>\n\t<meta property=\"og:image:type\" content=\"image\/png\" \/>\n<meta name=\"author\" content=\"S\u00e1ndor\" \/>\n<meta name=\"twitter:card\" content=\"summary_large_image\" \/>\n<meta name=\"twitter:label1\" content=\"Szerz\u0151:\" \/>\n\t<meta name=\"twitter:data1\" content=\"S\u00e1ndor\" \/>\n\t<meta name=\"twitter:label2\" content=\"Becs\u00fclt olvas\u00e1si id\u0151\" \/>\n\t<meta name=\"twitter:data2\" content=\"3 perc\" \/>\n<script type=\"application\/ld+json\" class=\"yoast-schema-graph\">{\"@context\":\"https:\\\/\\\/schema.org\",\"@graph\":[{\"@type\":\"NewsArticle\",\"@id\":\"https:\\\/\\\/miklostv.com\\\/new\\\/2019\\\/04\\\/03\\\/a-mese-nemcsak-a-gyerekeket-a-felnotteket-is-gyogyitja2\\\/#article\",\"isPartOf\":{\"@id\":\"https:\\\/\\\/miklostv.com\\\/new\\\/2019\\\/04\\\/03\\\/a-mese-nemcsak-a-gyerekeket-a-felnotteket-is-gyogyitja2\\\/\"},\"author\":{\"name\":\"S\u00e1ndor\",\"@id\":\"https:\\\/\\\/miklostv.com\\\/new\\\/#\\\/schema\\\/person\\\/6339cdd0bbd336ec6345812e3958be3b\"},\"headline\":\"A MESE NEMCSAK A GYEREKEKET, A FELN\u0150TTEKET IS GY\u00d3GY\u00cdTJA\",\"datePublished\":\"2019-04-03T14:06:49+00:00\",\"mainEntityOfPage\":{\"@id\":\"https:\\\/\\\/miklostv.com\\\/new\\\/2019\\\/04\\\/03\\\/a-mese-nemcsak-a-gyerekeket-a-felnotteket-is-gyogyitja2\\\/\"},\"wordCount\":694,\"commentCount\":0,\"image\":{\"@id\":\"https:\\\/\\\/miklostv.com\\\/new\\\/2019\\\/04\\\/03\\\/a-mese-nemcsak-a-gyerekeket-a-felnotteket-is-gyogyitja2\\\/#primaryimage\"},\"thumbnailUrl\":\"https:\\\/\\\/miklostv.com\\\/new\\\/wp-content\\\/uploads\\\/2019\\\/04\\\/KH-gyogyvarazs-logo.png\",\"articleSection\":[\"V\u00e1roson t\u00fal\"],\"inLanguage\":\"hu\"},{\"@type\":\"WebPage\",\"@id\":\"https:\\\/\\\/miklostv.com\\\/new\\\/2019\\\/04\\\/03\\\/a-mese-nemcsak-a-gyerekeket-a-felnotteket-is-gyogyitja2\\\/\",\"url\":\"https:\\\/\\\/miklostv.com\\\/new\\\/2019\\\/04\\\/03\\\/a-mese-nemcsak-a-gyerekeket-a-felnotteket-is-gyogyitja2\\\/\",\"name\":\"A MESE NEMCSAK A GYEREKEKET, A FELN\u0150TTEKET IS GY\u00d3GY\u00cdTJA - Mikl\u00f3s TV\",\"isPartOf\":{\"@id\":\"https:\\\/\\\/miklostv.com\\\/new\\\/#website\"},\"primaryImageOfPage\":{\"@id\":\"https:\\\/\\\/miklostv.com\\\/new\\\/2019\\\/04\\\/03\\\/a-mese-nemcsak-a-gyerekeket-a-felnotteket-is-gyogyitja2\\\/#primaryimage\"},\"image\":{\"@id\":\"https:\\\/\\\/miklostv.com\\\/new\\\/2019\\\/04\\\/03\\\/a-mese-nemcsak-a-gyerekeket-a-felnotteket-is-gyogyitja2\\\/#primaryimage\"},\"thumbnailUrl\":\"https:\\\/\\\/miklostv.com\\\/new\\\/wp-content\\\/uploads\\\/2019\\\/04\\\/KH-gyogyvarazs-logo.png\",\"datePublished\":\"2019-04-03T14:06:49+00:00\",\"author\":{\"@id\":\"https:\\\/\\\/miklostv.com\\\/new\\\/#\\\/schema\\\/person\\\/6339cdd0bbd336ec6345812e3958be3b\"},\"breadcrumb\":{\"@id\":\"https:\\\/\\\/miklostv.com\\\/new\\\/2019\\\/04\\\/03\\\/a-mese-nemcsak-a-gyerekeket-a-felnotteket-is-gyogyitja2\\\/#breadcrumb\"},\"inLanguage\":\"hu\",\"potentialAction\":[{\"@type\":\"ReadAction\",\"target\":[\"https:\\\/\\\/miklostv.com\\\/new\\\/2019\\\/04\\\/03\\\/a-mese-nemcsak-a-gyerekeket-a-felnotteket-is-gyogyitja2\\\/\"]}]},{\"@type\":\"ImageObject\",\"inLanguage\":\"hu\",\"@id\":\"https:\\\/\\\/miklostv.com\\\/new\\\/2019\\\/04\\\/03\\\/a-mese-nemcsak-a-gyerekeket-a-felnotteket-is-gyogyitja2\\\/#primaryimage\",\"url\":\"https:\\\/\\\/miklostv.com\\\/new\\\/wp-content\\\/uploads\\\/2019\\\/04\\\/KH-gyogyvarazs-logo.png\",\"contentUrl\":\"https:\\\/\\\/miklostv.com\\\/new\\\/wp-content\\\/uploads\\\/2019\\\/04\\\/KH-gyogyvarazs-logo.png\",\"width\":250,\"height\":111,\"caption\":\"KH-gyogyvarazs-logo.png\"},{\"@type\":\"BreadcrumbList\",\"@id\":\"https:\\\/\\\/miklostv.com\\\/new\\\/2019\\\/04\\\/03\\\/a-mese-nemcsak-a-gyerekeket-a-felnotteket-is-gyogyitja2\\\/#breadcrumb\",\"itemListElement\":[{\"@type\":\"ListItem\",\"position\":1,\"name\":\"Kezd\u0151lap\",\"item\":\"https:\\\/\\\/miklostv.com\\\/new\\\/\"},{\"@type\":\"ListItem\",\"position\":2,\"name\":\"A MESE NEMCSAK A GYEREKEKET, A FELN\u0150TTEKET IS GY\u00d3GY\u00cdTJA\"}]},{\"@type\":\"WebSite\",\"@id\":\"https:\\\/\\\/miklostv.com\\\/new\\\/#website\",\"url\":\"https:\\\/\\\/miklostv.com\\\/new\\\/\",\"name\":\"Mikl\u00f3s TV\",\"description\":\"Mikl\u00f3s TV\",\"potentialAction\":[{\"@type\":\"SearchAction\",\"target\":{\"@type\":\"EntryPoint\",\"urlTemplate\":\"https:\\\/\\\/miklostv.com\\\/new\\\/?s={search_term_string}\"},\"query-input\":{\"@type\":\"PropertyValueSpecification\",\"valueRequired\":true,\"valueName\":\"search_term_string\"}}],\"inLanguage\":\"hu\"},{\"@type\":\"Person\",\"@id\":\"https:\\\/\\\/miklostv.com\\\/new\\\/#\\\/schema\\\/person\\\/6339cdd0bbd336ec6345812e3958be3b\",\"name\":\"S\u00e1ndor\",\"sameAs\":[\"https:\\\/\\\/miklostv.com\\\/new\"],\"url\":\"https:\\\/\\\/miklostv.com\\\/new\\\/author\\\/sanyi\\\/\"}]}<\/script>\n<!-- \/ Yoast SEO plugin. -->","yoast_head_json":{"title":"A MESE NEMCSAK A GYEREKEKET, A FELN\u0150TTEKET IS GY\u00d3GY\u00cdTJA - Mikl\u00f3s TV","robots":{"index":"index","follow":"follow","max-snippet":"max-snippet:-1","max-image-preview":"max-image-preview:large","max-video-preview":"max-video-preview:-1"},"canonical":"https:\/\/miklostv.com\/new\/2019\/04\/03\/a-mese-nemcsak-a-gyerekeket-a-felnotteket-is-gyogyitja2\/","og_locale":"hu_HU","og_type":"article","og_title":"A MESE NEMCSAK A GYEREKEKET, A FELN\u0150TTEKET IS GY\u00d3GY\u00cdTJA - Mikl\u00f3s TV","og_description":"\u00c1prilist\u00f3l 46 k\u00f3rh\u00e1z v\u00e1rja \u00faj id\u0151pontokkal a K&amp;H gy\u00f3gyvar\u00e1zs mesedoktorokat Budapest, 2019. \u00e1prilis 1. \u2013 Az orsz\u00e1g 46 k\u00f3rh\u00e1z\u00e1ban v\u00e1rj\u00e1k a K&amp;H mesedoktorokat, akik mes\u00e9j\u00fckkel mosolyt var\u00e1zsolnak a gyerekek arc\u00e1ra. A friss\u00edtett id\u0151pontok remek lehet\u0151s\u00e9get biztos\u00edtanak, hogy a szem\u00e9lyes meseolvas\u00e1s sor\u00e1n m\u00e9lt\u00f3 m\u00f3don \u00fcnnepelj\u00fck a Nemzetk\u00f6zi Gyermekk\u00f6nyvnapot, \u00e9s felh\u00edvjuk a figyelmet arra, hogy a mes\u00e9k vil\u00e1ga nemcsak a gyerekek gy\u00f3gyul\u00e1s\u00e1t seg\u00edti, hanem a feln\u0151tteknek is lehet\u0151s\u00e9get ad lelassulni a mindennapok rohan\u00f3 temp\u00f3j\u00e1b\u00f3l. \u00c1prilis 2-\u00e1n \u2013 Hans Christian Andersen d\u00e1n mese\u00edr\u00f3 sz\u00fclet\u00e9snapj\u00e1n \u2013 \u00fcnnepelj\u00fck a Nemzetk\u00f6zi Gyerekk\u00f6nyvnapot. A kezdem\u00e9nyez\u00e9s idei kulcs\u00fczenete,&hellip;","og_url":"https:\/\/miklostv.com\/new\/2019\/04\/03\/a-mese-nemcsak-a-gyerekeket-a-felnotteket-is-gyogyitja2\/","og_site_name":"Mikl\u00f3s TV","article_published_time":"2019-04-03T14:06:49+00:00","og_image":[{"width":250,"height":111,"url":"https:\/\/miklostv.com\/new\/wp-content\/uploads\/2019\/04\/KH-gyogyvarazs-logo.png","type":"image\/png"}],"author":"S\u00e1ndor","twitter_card":"summary_large_image","twitter_misc":{"Szerz\u0151:":"S\u00e1ndor","Becs\u00fclt olvas\u00e1si id\u0151":"3 perc"},"schema":{"@context":"https:\/\/schema.org","@graph":[{"@type":"NewsArticle","@id":"https:\/\/miklostv.com\/new\/2019\/04\/03\/a-mese-nemcsak-a-gyerekeket-a-felnotteket-is-gyogyitja2\/#article","isPartOf":{"@id":"https:\/\/miklostv.com\/new\/2019\/04\/03\/a-mese-nemcsak-a-gyerekeket-a-felnotteket-is-gyogyitja2\/"},"author":{"name":"S\u00e1ndor","@id":"https:\/\/miklostv.com\/new\/#\/schema\/person\/6339cdd0bbd336ec6345812e3958be3b"},"headline":"A MESE NEMCSAK A GYEREKEKET, A FELN\u0150TTEKET IS GY\u00d3GY\u00cdTJA","datePublished":"2019-04-03T14:06:49+00:00","mainEntityOfPage":{"@id":"https:\/\/miklostv.com\/new\/2019\/04\/03\/a-mese-nemcsak-a-gyerekeket-a-felnotteket-is-gyogyitja2\/"},"wordCount":694,"commentCount":0,"image":{"@id":"https:\/\/miklostv.com\/new\/2019\/04\/03\/a-mese-nemcsak-a-gyerekeket-a-felnotteket-is-gyogyitja2\/#primaryimage"},"thumbnailUrl":"https:\/\/miklostv.com\/new\/wp-content\/uploads\/2019\/04\/KH-gyogyvarazs-logo.png","articleSection":["V\u00e1roson t\u00fal"],"inLanguage":"hu"},{"@type":"WebPage","@id":"https:\/\/miklostv.com\/new\/2019\/04\/03\/a-mese-nemcsak-a-gyerekeket-a-felnotteket-is-gyogyitja2\/","url":"https:\/\/miklostv.com\/new\/2019\/04\/03\/a-mese-nemcsak-a-gyerekeket-a-felnotteket-is-gyogyitja2\/","name":"A MESE NEMCSAK A GYEREKEKET, A FELN\u0150TTEKET IS GY\u00d3GY\u00cdTJA - Mikl\u00f3s TV","isPartOf":{"@id":"https:\/\/miklostv.com\/new\/#website"},"primaryImageOfPage":{"@id":"https:\/\/miklostv.com\/new\/2019\/04\/03\/a-mese-nemcsak-a-gyerekeket-a-felnotteket-is-gyogyitja2\/#primaryimage"},"image":{"@id":"https:\/\/miklostv.com\/new\/2019\/04\/03\/a-mese-nemcsak-a-gyerekeket-a-felnotteket-is-gyogyitja2\/#primaryimage"},"thumbnailUrl":"https:\/\/miklostv.com\/new\/wp-content\/uploads\/2019\/04\/KH-gyogyvarazs-logo.png","datePublished":"2019-04-03T14:06:49+00:00","author":{"@id":"https:\/\/miklostv.com\/new\/#\/schema\/person\/6339cdd0bbd336ec6345812e3958be3b"},"breadcrumb":{"@id":"https:\/\/miklostv.com\/new\/2019\/04\/03\/a-mese-nemcsak-a-gyerekeket-a-felnotteket-is-gyogyitja2\/#breadcrumb"},"inLanguage":"hu","potentialAction":[{"@type":"ReadAction","target":["https:\/\/miklostv.com\/new\/2019\/04\/03\/a-mese-nemcsak-a-gyerekeket-a-felnotteket-is-gyogyitja2\/"]}]},{"@type":"ImageObject","inLanguage":"hu","@id":"https:\/\/miklostv.com\/new\/2019\/04\/03\/a-mese-nemcsak-a-gyerekeket-a-felnotteket-is-gyogyitja2\/#primaryimage","url":"https:\/\/miklostv.com\/new\/wp-content\/uploads\/2019\/04\/KH-gyogyvarazs-logo.png","contentUrl":"https:\/\/miklostv.com\/new\/wp-content\/uploads\/2019\/04\/KH-gyogyvarazs-logo.png","width":250,"height":111,"caption":"KH-gyogyvarazs-logo.png"},{"@type":"BreadcrumbList","@id":"https:\/\/miklostv.com\/new\/2019\/04\/03\/a-mese-nemcsak-a-gyerekeket-a-felnotteket-is-gyogyitja2\/#breadcrumb","itemListElement":[{"@type":"ListItem","position":1,"name":"Kezd\u0151lap","item":"https:\/\/miklostv.com\/new\/"},{"@type":"ListItem","position":2,"name":"A MESE NEMCSAK A GYEREKEKET, A FELN\u0150TTEKET IS GY\u00d3GY\u00cdTJA"}]},{"@type":"WebSite","@id":"https:\/\/miklostv.com\/new\/#website","url":"https:\/\/miklostv.com\/new\/","name":"Mikl\u00f3s TV","description":"Mikl\u00f3s TV","potentialAction":[{"@type":"SearchAction","target":{"@type":"EntryPoint","urlTemplate":"https:\/\/miklostv.com\/new\/?s={search_term_string}"},"query-input":{"@type":"PropertyValueSpecification","valueRequired":true,"valueName":"search_term_string"}}],"inLanguage":"hu"},{"@type":"Person","@id":"https:\/\/miklostv.com\/new\/#\/schema\/person\/6339cdd0bbd336ec6345812e3958be3b","name":"S\u00e1ndor","sameAs":["https:\/\/miklostv.com\/new"],"url":"https:\/\/miklostv.com\/new\/author\/sanyi\/"}]}},"_links":{"self":[{"href":"https:\/\/miklostv.com\/new\/wp-json\/wp\/v2\/posts\/3188","targetHints":{"allow":["GET"]}}],"collection":[{"href":"https:\/\/miklostv.com\/new\/wp-json\/wp\/v2\/posts"}],"about":[{"href":"https:\/\/miklostv.com\/new\/wp-json\/wp\/v2\/types\/post"}],"author":[{"embeddable":true,"href":"https:\/\/miklostv.com\/new\/wp-json\/wp\/v2\/users\/1"}],"replies":[{"embeddable":true,"href":"https:\/\/miklostv.com\/new\/wp-json\/wp\/v2\/comments?post=3188"}],"version-history":[{"count":0,"href":"https:\/\/miklostv.com\/new\/wp-json\/wp\/v2\/posts\/3188\/revisions"}],"wp:featuredmedia":[{"embeddable":true,"href":"https:\/\/miklostv.com\/new\/wp-json\/wp\/v2\/media\/3186"}],"wp:attachment":[{"href":"https:\/\/miklostv.com\/new\/wp-json\/wp\/v2\/media?parent=3188"}],"wp:term":[{"taxonomy":"category","embeddable":true,"href":"https:\/\/miklostv.com\/new\/wp-json\/wp\/v2\/categories?post=3188"},{"taxonomy":"post_tag","embeddable":true,"href":"https:\/\/miklostv.com\/new\/wp-json\/wp\/v2\/tags?post=3188"}],"curies":[{"name":"wp","href":"https:\/\/api.w.org\/{rel}","templated":true}]}}