{"id":3184,"date":"2019-04-01T16:10:25","date_gmt":"2019-04-01T16:10:25","guid":{"rendered":"https:\/\/miklostv.com\/new\/2019\/04\/01\/tfc-megszakadt-a-jo-tavaszi-sorozat\/"},"modified":"2023-02-06T20:34:23","modified_gmt":"2023-02-06T20:34:23","slug":"tfc-megszakadt-a-jo-tavaszi-sorozat","status":"publish","type":"post","link":"https:\/\/miklostv.com\/new\/2019\/04\/01\/tfc-megszakadt-a-jo-tavaszi-sorozat\/","title":{"rendered":"T\u00d6R\u00d6KSZENTMIKL\u00d3SI FC &#8211; MEGSZAKADT A J\u00d3 TAVASZI SOROZAT"},"content":{"rendered":"\n<p><strong>Kunhegyesen szakadt meg a TFC kiv\u00e1l\u00f3 tavaszi sorozata<\/strong><\/p>\n\n\n\n<p><\/p>\n\n\n\n<p><\/p>\n\n\n\n<p>Remek sorozattal a h\u00e1tuk m\u00f6g\u00f6tt utazott Kunhegyesre a T\u00f6r\u00f6kszentmikl\u00f3si FC feln\u0151tt csapata (tavasszal 5 meccsb\u0151l 5 gy\u0151zelem ), semmi jel nem utalt arra, hogy tavaszi menetel\u00e9s\u00fck v\u00e9get \u00e9rhet. A 9. percben Gusztafik P\u00e9ter g\u00f3lj\u00e1val szereztek vezet\u00e9st, el\u0151ny teh\u00e1t n\u00e1lunk. Eg\u00e9szen a 31. percig, amikor a hazaiak G\u00e1csi r\u00e9v\u00e9n egyenl\u00edteni tudtak. <strong>45 perc ut\u00e1n 1-1<\/strong>. A m\u00e1sodik f\u00e9lid\u0151ben azt\u00e1n v\u00e1ltozott a k\u00e9p: az 56. percben Tyukodi A. g\u00f3lja ut\u00e1n m\u00e1r a hazai csapat vezetett. Farkas a 72. percben szint\u00e9n bevette a mikl\u00f3si kaput, \u00edgy m\u00e1r 3-1. A meccs v\u00e9g\u00e9n sz\u00fcletett egy \u00fajabb kunhegyesi g\u00f3l F\u00e1bi\u00e1n j\u00f3volt\u00e1b\u00f3l. A v\u00e9geredm\u00e9ny Kunhegyes ESE \u2013 T\u00f6r\u00f6kszentmikl\u00f3si FC 4-1. Elveszett a Kinyik csapat tavaszi veretlens\u00e9ge .<br><a class=\"jcepopup\" type=\"image\/png\" data-mediabox=\"1\" href=\"https:\/\/miklostv.com\/new\/wp-content\/uploads\/2019\/04\/kunhegyes_tfc_jegyzokonyv.png\"><img decoding=\"async\" width=\"1024\" class=\" size-full wp-image-3181\" src=\"https:\/\/miklostv.com\/new\/wp-content\/uploads\/2019\/04\/kunhegyes_tfc_jegyzokonyv.png\" alt=\"kunhegyes tfc jegyz\u0151k\u00f6nyv\" srcset=\"https:\/\/miklostv.com\/new\/wp-content\/uploads\/2019\/04\/kunhegyes_tfc_jegyzokonyv.png 1919w, https:\/\/miklostv.com\/new\/wp-content\/uploads\/2019\/04\/kunhegyes_tfc_jegyzokonyv-300x245.png 300w, https:\/\/miklostv.com\/new\/wp-content\/uploads\/2019\/04\/kunhegyes_tfc_jegyzokonyv-1024x837.png 1024w, https:\/\/miklostv.com\/new\/wp-content\/uploads\/2019\/04\/kunhegyes_tfc_jegyzokonyv-768x628.png 768w, https:\/\/miklostv.com\/new\/wp-content\/uploads\/2019\/04\/kunhegyes_tfc_jegyzokonyv-1536x1255.png 1536w\" sizes=\"(max-width: 1919px) 100vw, 1919px\" \/><\/a><\/p>\n\n\n\n<figure class=\"wp-block-embed is-type-video is-provider-youtube wp-block-embed-youtube wp-embed-aspect-16-9 wp-has-aspect-ratio\"><div class=\"wp-block-embed__wrapper\">\n<iframe  id=\"_ytid_64364\"  width=\"800\" height=\"450\"  data-origwidth=\"800\" data-origheight=\"450\" src=\"https:\/\/www.youtube.com\/embed\/eHvE9SonaLM?enablejsapi=1&#038;autoplay=0&#038;cc_load_policy=0&#038;cc_lang_pref=hu&#038;iv_load_policy=1&#038;loop=0&#038;rel=1&#038;fs=1&#038;playsinline=1&#038;autohide=2&#038;theme=dark&#038;color=red&#038;controls=1&#038;disablekb=0&#038;\" class=\"__youtube_prefs__  epyt-is-override  no-lazyload\" title=\"YouTube player\"  allow=\"fullscreen; accelerometer; autoplay; clipboard-write; encrypted-media; gyroscope; picture-in-picture; web-share\" referrerpolicy=\"strict-origin-when-cross-origin\" allowfullscreen data-no-lazy=\"1\" data-skipgform_ajax_framebjll=\"\"><\/iframe>\n<\/div><\/figure>\n\n\n\n<figure class=\"wp-block-image\"><img fetchpriority=\"high\" decoding=\"async\" width=\"1920\" height=\"1080\" src=\"https:\/\/miklostv.com\/new\/wp-content\/uploads\/2019\/04\/FOCIERED_2018-2019_21.FORD_.png\" alt=\"FOCIERED 2018 2019 21.FORD\" class=\"wp-image-3182\" srcset=\"https:\/\/miklostv.com\/new\/wp-content\/uploads\/2019\/04\/FOCIERED_2018-2019_21.FORD_.png 1920w, https:\/\/miklostv.com\/new\/wp-content\/uploads\/2019\/04\/FOCIERED_2018-2019_21.FORD_-300x169.png 300w, https:\/\/miklostv.com\/new\/wp-content\/uploads\/2019\/04\/FOCIERED_2018-2019_21.FORD_-1024x576.png 1024w, https:\/\/miklostv.com\/new\/wp-content\/uploads\/2019\/04\/FOCIERED_2018-2019_21.FORD_-768x432.png 768w, https:\/\/miklostv.com\/new\/wp-content\/uploads\/2019\/04\/FOCIERED_2018-2019_21.FORD_-1536x864.png 1536w\" sizes=\"(max-width: 1920px) 100vw, 1920px\" \/><\/figure>\n\n\n\n<figure class=\"wp-block-image\"><img decoding=\"async\" width=\"1920\" height=\"1080\" src=\"https:\/\/miklostv.com\/new\/wp-content\/uploads\/2019\/04\/FOCITAB_2018-2019egyesitve_21_fordulo.png\" alt=\"FOCITAB 2018 2019egyes\u00edtve 21 fordul\u00f3\" class=\"wp-image-3183\" srcset=\"https:\/\/miklostv.com\/new\/wp-content\/uploads\/2019\/04\/FOCITAB_2018-2019egyesitve_21_fordulo.png 1920w, https:\/\/miklostv.com\/new\/wp-content\/uploads\/2019\/04\/FOCITAB_2018-2019egyesitve_21_fordulo-300x169.png 300w, https:\/\/miklostv.com\/new\/wp-content\/uploads\/2019\/04\/FOCITAB_2018-2019egyesitve_21_fordulo-1024x576.png 1024w, https:\/\/miklostv.com\/new\/wp-content\/uploads\/2019\/04\/FOCITAB_2018-2019egyesitve_21_fordulo-768x432.png 768w, https:\/\/miklostv.com\/new\/wp-content\/uploads\/2019\/04\/FOCITAB_2018-2019egyesitve_21_fordulo-1536x864.png 1536w\" sizes=\"(max-width: 1920px) 100vw, 1920px\" \/><\/figure>\n\n\n\n<p><br><a class=\"jcepopup\" href=\"https:\/\/miklostv.com\/new\/wp-content\/uploads\/2019\/04\/FOCITAB_2018-2019egyesitve_21_fordulo.png\" data-mediabox=\"1\"><br><\/a><\/p>\n","protected":false},"excerpt":{"rendered":"<p>Kunhegyesen szakadt meg a TFC kiv\u00e1l\u00f3 tavaszi sorozata Remek sorozattal a h\u00e1tuk m\u00f6g\u00f6tt utazott Kunhegyesre a T\u00f6r\u00f6kszentmikl\u00f3si FC feln\u0151tt csapata (tavasszal 5 meccsb\u0151l 5 gy\u0151zelem ), semmi jel nem utalt arra, hogy tavaszi menetel\u00e9s\u00fck v\u00e9get \u00e9rhet. A 9. percben Gusztafik P\u00e9ter g\u00f3lj\u00e1val szereztek vezet\u00e9st, el\u0151ny teh\u00e1t n\u00e1lunk. Eg\u00e9szen a 31. percig, amikor a hazaiak G\u00e1csi r\u00e9v\u00e9n egyenl\u00edteni tudtak. 45 perc ut\u00e1n 1-1. A m\u00e1sodik f\u00e9lid\u0151ben azt\u00e1n v\u00e1ltozott a k\u00e9p: az 56. percben Tyukodi A. g\u00f3lja ut\u00e1n m\u00e1r a hazai csapat vezetett. Farkas a 72. percben szint\u00e9n bevette a mikl\u00f3si kaput,&hellip;<\/p>\n","protected":false},"author":1,"featured_media":3180,"comment_status":"open","ping_status":"open","sticky":false,"template":"","format":"standard","meta":{"fifu_image_url":"","fifu_image_alt":"","footnotes":""},"categories":[33],"tags":[],"class_list":["post-3184","post","type-post","status-publish","format-standard","has-post-thumbnail","hentry","category-sport-hirek"],"gutentor_comment":0,"yoast_head":"<!-- This site is optimized with the Yoast SEO plugin v27.4 - https:\/\/yoast.com\/product\/yoast-seo-wordpress\/ -->\n<title>T\u00d6R\u00d6KSZENTMIKL\u00d3SI FC - MEGSZAKADT A J\u00d3 TAVASZI SOROZAT - Mikl\u00f3s TV<\/title>\n<meta name=\"robots\" content=\"index, follow, max-snippet:-1, max-image-preview:large, max-video-preview:-1\" \/>\n<link rel=\"canonical\" href=\"https:\/\/miklostv.com\/new\/2019\/04\/01\/tfc-megszakadt-a-jo-tavaszi-sorozat\/\" \/>\n<meta property=\"og:locale\" content=\"hu_HU\" \/>\n<meta property=\"og:type\" content=\"article\" \/>\n<meta property=\"og:title\" content=\"T\u00d6R\u00d6KSZENTMIKL\u00d3SI FC - MEGSZAKADT A J\u00d3 TAVASZI SOROZAT - Mikl\u00f3s TV\" \/>\n<meta property=\"og:description\" content=\"Kunhegyesen szakadt meg a TFC kiv\u00e1l\u00f3 tavaszi sorozata Remek sorozattal a h\u00e1tuk m\u00f6g\u00f6tt utazott Kunhegyesre a T\u00f6r\u00f6kszentmikl\u00f3si FC feln\u0151tt csapata (tavasszal 5 meccsb\u0151l 5 gy\u0151zelem ), semmi jel nem utalt arra, hogy tavaszi menetel\u00e9s\u00fck v\u00e9get \u00e9rhet. A 9. percben Gusztafik P\u00e9ter g\u00f3lj\u00e1val szereztek vezet\u00e9st, el\u0151ny teh\u00e1t n\u00e1lunk. Eg\u00e9szen a 31. percig, amikor a hazaiak G\u00e1csi r\u00e9v\u00e9n egyenl\u00edteni tudtak. 45 perc ut\u00e1n 1-1. A m\u00e1sodik f\u00e9lid\u0151ben azt\u00e1n v\u00e1ltozott a k\u00e9p: az 56. percben Tyukodi A. g\u00f3lja ut\u00e1n m\u00e1r a hazai csapat vezetett. Farkas a 72. percben szint\u00e9n bevette a mikl\u00f3si kaput,&hellip;\" \/>\n<meta property=\"og:url\" content=\"https:\/\/miklostv.com\/new\/2019\/04\/01\/tfc-megszakadt-a-jo-tavaszi-sorozat\/\" \/>\n<meta property=\"og:site_name\" content=\"Mikl\u00f3s TV\" \/>\n<meta property=\"article:published_time\" content=\"2019-04-01T16:10:25+00:00\" \/>\n<meta property=\"article:modified_time\" content=\"2023-02-06T20:34:23+00:00\" \/>\n<meta property=\"og:image\" content=\"https:\/\/miklostv.com\/new\/wp-content\/uploads\/2019\/04\/kunhegyes_-_tfc_4-1_2019.03.30._cikkbe_logozva.jpg\" \/>\n\t<meta property=\"og:image:width\" content=\"1024\" \/>\n\t<meta property=\"og:image:height\" content=\"536\" \/>\n\t<meta property=\"og:image:type\" content=\"image\/jpeg\" \/>\n<meta name=\"author\" content=\"S\u00e1ndor\" \/>\n<meta name=\"twitter:card\" content=\"summary_large_image\" \/>\n<meta name=\"twitter:label1\" content=\"Szerz\u0151:\" \/>\n\t<meta name=\"twitter:data1\" content=\"S\u00e1ndor\" \/>\n\t<meta name=\"twitter:label2\" content=\"Becs\u00fclt olvas\u00e1si id\u0151\" \/>\n\t<meta name=\"twitter:data2\" content=\"2 perc\" \/>\n<script type=\"application\/ld+json\" class=\"yoast-schema-graph\">{\"@context\":\"https:\\\/\\\/schema.org\",\"@graph\":[{\"@type\":\"NewsArticle\",\"@id\":\"https:\\\/\\\/miklostv.com\\\/new\\\/2019\\\/04\\\/01\\\/tfc-megszakadt-a-jo-tavaszi-sorozat\\\/#article\",\"isPartOf\":{\"@id\":\"https:\\\/\\\/miklostv.com\\\/new\\\/2019\\\/04\\\/01\\\/tfc-megszakadt-a-jo-tavaszi-sorozat\\\/\"},\"author\":{\"name\":\"S\u00e1ndor\",\"@id\":\"https:\\\/\\\/miklostv.com\\\/new\\\/#\\\/schema\\\/person\\\/6339cdd0bbd336ec6345812e3958be3b\"},\"headline\":\"T\u00d6R\u00d6KSZENTMIKL\u00d3SI FC &#8211; MEGSZAKADT A J\u00d3 TAVASZI SOROZAT\",\"datePublished\":\"2019-04-01T16:10:25+00:00\",\"dateModified\":\"2023-02-06T20:34:23+00:00\",\"mainEntityOfPage\":{\"@id\":\"https:\\\/\\\/miklostv.com\\\/new\\\/2019\\\/04\\\/01\\\/tfc-megszakadt-a-jo-tavaszi-sorozat\\\/\"},\"wordCount\":177,\"commentCount\":0,\"image\":{\"@id\":\"https:\\\/\\\/miklostv.com\\\/new\\\/2019\\\/04\\\/01\\\/tfc-megszakadt-a-jo-tavaszi-sorozat\\\/#primaryimage\"},\"thumbnailUrl\":\"https:\\\/\\\/miklostv.com\\\/new\\\/wp-content\\\/uploads\\\/2019\\\/04\\\/kunhegyes_-_tfc_4-1_2019.03.30._cikkbe_logozva.jpg\",\"articleSection\":[\"Sporth\u00edrek\"],\"inLanguage\":\"hu\"},{\"@type\":\"WebPage\",\"@id\":\"https:\\\/\\\/miklostv.com\\\/new\\\/2019\\\/04\\\/01\\\/tfc-megszakadt-a-jo-tavaszi-sorozat\\\/\",\"url\":\"https:\\\/\\\/miklostv.com\\\/new\\\/2019\\\/04\\\/01\\\/tfc-megszakadt-a-jo-tavaszi-sorozat\\\/\",\"name\":\"T\u00d6R\u00d6KSZENTMIKL\u00d3SI FC - MEGSZAKADT A J\u00d3 TAVASZI SOROZAT - Mikl\u00f3s TV\",\"isPartOf\":{\"@id\":\"https:\\\/\\\/miklostv.com\\\/new\\\/#website\"},\"primaryImageOfPage\":{\"@id\":\"https:\\\/\\\/miklostv.com\\\/new\\\/2019\\\/04\\\/01\\\/tfc-megszakadt-a-jo-tavaszi-sorozat\\\/#primaryimage\"},\"image\":{\"@id\":\"https:\\\/\\\/miklostv.com\\\/new\\\/2019\\\/04\\\/01\\\/tfc-megszakadt-a-jo-tavaszi-sorozat\\\/#primaryimage\"},\"thumbnailUrl\":\"https:\\\/\\\/miklostv.com\\\/new\\\/wp-content\\\/uploads\\\/2019\\\/04\\\/kunhegyes_-_tfc_4-1_2019.03.30._cikkbe_logozva.jpg\",\"datePublished\":\"2019-04-01T16:10:25+00:00\",\"dateModified\":\"2023-02-06T20:34:23+00:00\",\"author\":{\"@id\":\"https:\\\/\\\/miklostv.com\\\/new\\\/#\\\/schema\\\/person\\\/6339cdd0bbd336ec6345812e3958be3b\"},\"breadcrumb\":{\"@id\":\"https:\\\/\\\/miklostv.com\\\/new\\\/2019\\\/04\\\/01\\\/tfc-megszakadt-a-jo-tavaszi-sorozat\\\/#breadcrumb\"},\"inLanguage\":\"hu\",\"potentialAction\":[{\"@type\":\"ReadAction\",\"target\":[\"https:\\\/\\\/miklostv.com\\\/new\\\/2019\\\/04\\\/01\\\/tfc-megszakadt-a-jo-tavaszi-sorozat\\\/\"]}]},{\"@type\":\"ImageObject\",\"inLanguage\":\"hu\",\"@id\":\"https:\\\/\\\/miklostv.com\\\/new\\\/2019\\\/04\\\/01\\\/tfc-megszakadt-a-jo-tavaszi-sorozat\\\/#primaryimage\",\"url\":\"https:\\\/\\\/miklostv.com\\\/new\\\/wp-content\\\/uploads\\\/2019\\\/04\\\/kunhegyes_-_tfc_4-1_2019.03.30._cikkbe_logozva.jpg\",\"contentUrl\":\"https:\\\/\\\/miklostv.com\\\/new\\\/wp-content\\\/uploads\\\/2019\\\/04\\\/kunhegyes_-_tfc_4-1_2019.03.30._cikkbe_logozva.jpg\",\"width\":1024,\"height\":536,\"caption\":\"kunhegyes tfc 4 1 2019.03.30. cikkbe log\u00f3zva\"},{\"@type\":\"BreadcrumbList\",\"@id\":\"https:\\\/\\\/miklostv.com\\\/new\\\/2019\\\/04\\\/01\\\/tfc-megszakadt-a-jo-tavaszi-sorozat\\\/#breadcrumb\",\"itemListElement\":[{\"@type\":\"ListItem\",\"position\":1,\"name\":\"Kezd\u0151lap\",\"item\":\"https:\\\/\\\/miklostv.com\\\/new\\\/\"},{\"@type\":\"ListItem\",\"position\":2,\"name\":\"T\u00d6R\u00d6KSZENTMIKL\u00d3SI FC &#8211; MEGSZAKADT A J\u00d3 TAVASZI SOROZAT\"}]},{\"@type\":\"WebSite\",\"@id\":\"https:\\\/\\\/miklostv.com\\\/new\\\/#website\",\"url\":\"https:\\\/\\\/miklostv.com\\\/new\\\/\",\"name\":\"Mikl\u00f3s TV\",\"description\":\"Mikl\u00f3s TV\",\"potentialAction\":[{\"@type\":\"SearchAction\",\"target\":{\"@type\":\"EntryPoint\",\"urlTemplate\":\"https:\\\/\\\/miklostv.com\\\/new\\\/?s={search_term_string}\"},\"query-input\":{\"@type\":\"PropertyValueSpecification\",\"valueRequired\":true,\"valueName\":\"search_term_string\"}}],\"inLanguage\":\"hu\"},{\"@type\":\"Person\",\"@id\":\"https:\\\/\\\/miklostv.com\\\/new\\\/#\\\/schema\\\/person\\\/6339cdd0bbd336ec6345812e3958be3b\",\"name\":\"S\u00e1ndor\",\"sameAs\":[\"https:\\\/\\\/miklostv.com\\\/new\"],\"url\":\"https:\\\/\\\/miklostv.com\\\/new\\\/author\\\/sanyi\\\/\"}]}<\/script>\n<!-- \/ Yoast SEO plugin. -->","yoast_head_json":{"title":"T\u00d6R\u00d6KSZENTMIKL\u00d3SI FC - MEGSZAKADT A J\u00d3 TAVASZI SOROZAT - Mikl\u00f3s TV","robots":{"index":"index","follow":"follow","max-snippet":"max-snippet:-1","max-image-preview":"max-image-preview:large","max-video-preview":"max-video-preview:-1"},"canonical":"https:\/\/miklostv.com\/new\/2019\/04\/01\/tfc-megszakadt-a-jo-tavaszi-sorozat\/","og_locale":"hu_HU","og_type":"article","og_title":"T\u00d6R\u00d6KSZENTMIKL\u00d3SI FC - MEGSZAKADT A J\u00d3 TAVASZI SOROZAT - Mikl\u00f3s TV","og_description":"Kunhegyesen szakadt meg a TFC kiv\u00e1l\u00f3 tavaszi sorozata Remek sorozattal a h\u00e1tuk m\u00f6g\u00f6tt utazott Kunhegyesre a T\u00f6r\u00f6kszentmikl\u00f3si FC feln\u0151tt csapata (tavasszal 5 meccsb\u0151l 5 gy\u0151zelem ), semmi jel nem utalt arra, hogy tavaszi menetel\u00e9s\u00fck v\u00e9get \u00e9rhet. A 9. percben Gusztafik P\u00e9ter g\u00f3lj\u00e1val szereztek vezet\u00e9st, el\u0151ny teh\u00e1t n\u00e1lunk. Eg\u00e9szen a 31. percig, amikor a hazaiak G\u00e1csi r\u00e9v\u00e9n egyenl\u00edteni tudtak. 45 perc ut\u00e1n 1-1. A m\u00e1sodik f\u00e9lid\u0151ben azt\u00e1n v\u00e1ltozott a k\u00e9p: az 56. percben Tyukodi A. g\u00f3lja ut\u00e1n m\u00e1r a hazai csapat vezetett. Farkas a 72. percben szint\u00e9n bevette a mikl\u00f3si kaput,&hellip;","og_url":"https:\/\/miklostv.com\/new\/2019\/04\/01\/tfc-megszakadt-a-jo-tavaszi-sorozat\/","og_site_name":"Mikl\u00f3s TV","article_published_time":"2019-04-01T16:10:25+00:00","article_modified_time":"2023-02-06T20:34:23+00:00","og_image":[{"width":1024,"height":536,"url":"https:\/\/miklostv.com\/new\/wp-content\/uploads\/2019\/04\/kunhegyes_-_tfc_4-1_2019.03.30._cikkbe_logozva.jpg","type":"image\/jpeg"}],"author":"S\u00e1ndor","twitter_card":"summary_large_image","twitter_misc":{"Szerz\u0151:":"S\u00e1ndor","Becs\u00fclt olvas\u00e1si id\u0151":"2 perc"},"schema":{"@context":"https:\/\/schema.org","@graph":[{"@type":"NewsArticle","@id":"https:\/\/miklostv.com\/new\/2019\/04\/01\/tfc-megszakadt-a-jo-tavaszi-sorozat\/#article","isPartOf":{"@id":"https:\/\/miklostv.com\/new\/2019\/04\/01\/tfc-megszakadt-a-jo-tavaszi-sorozat\/"},"author":{"name":"S\u00e1ndor","@id":"https:\/\/miklostv.com\/new\/#\/schema\/person\/6339cdd0bbd336ec6345812e3958be3b"},"headline":"T\u00d6R\u00d6KSZENTMIKL\u00d3SI FC &#8211; MEGSZAKADT A J\u00d3 TAVASZI SOROZAT","datePublished":"2019-04-01T16:10:25+00:00","dateModified":"2023-02-06T20:34:23+00:00","mainEntityOfPage":{"@id":"https:\/\/miklostv.com\/new\/2019\/04\/01\/tfc-megszakadt-a-jo-tavaszi-sorozat\/"},"wordCount":177,"commentCount":0,"image":{"@id":"https:\/\/miklostv.com\/new\/2019\/04\/01\/tfc-megszakadt-a-jo-tavaszi-sorozat\/#primaryimage"},"thumbnailUrl":"https:\/\/miklostv.com\/new\/wp-content\/uploads\/2019\/04\/kunhegyes_-_tfc_4-1_2019.03.30._cikkbe_logozva.jpg","articleSection":["Sporth\u00edrek"],"inLanguage":"hu"},{"@type":"WebPage","@id":"https:\/\/miklostv.com\/new\/2019\/04\/01\/tfc-megszakadt-a-jo-tavaszi-sorozat\/","url":"https:\/\/miklostv.com\/new\/2019\/04\/01\/tfc-megszakadt-a-jo-tavaszi-sorozat\/","name":"T\u00d6R\u00d6KSZENTMIKL\u00d3SI FC - MEGSZAKADT A J\u00d3 TAVASZI SOROZAT - Mikl\u00f3s TV","isPartOf":{"@id":"https:\/\/miklostv.com\/new\/#website"},"primaryImageOfPage":{"@id":"https:\/\/miklostv.com\/new\/2019\/04\/01\/tfc-megszakadt-a-jo-tavaszi-sorozat\/#primaryimage"},"image":{"@id":"https:\/\/miklostv.com\/new\/2019\/04\/01\/tfc-megszakadt-a-jo-tavaszi-sorozat\/#primaryimage"},"thumbnailUrl":"https:\/\/miklostv.com\/new\/wp-content\/uploads\/2019\/04\/kunhegyes_-_tfc_4-1_2019.03.30._cikkbe_logozva.jpg","datePublished":"2019-04-01T16:10:25+00:00","dateModified":"2023-02-06T20:34:23+00:00","author":{"@id":"https:\/\/miklostv.com\/new\/#\/schema\/person\/6339cdd0bbd336ec6345812e3958be3b"},"breadcrumb":{"@id":"https:\/\/miklostv.com\/new\/2019\/04\/01\/tfc-megszakadt-a-jo-tavaszi-sorozat\/#breadcrumb"},"inLanguage":"hu","potentialAction":[{"@type":"ReadAction","target":["https:\/\/miklostv.com\/new\/2019\/04\/01\/tfc-megszakadt-a-jo-tavaszi-sorozat\/"]}]},{"@type":"ImageObject","inLanguage":"hu","@id":"https:\/\/miklostv.com\/new\/2019\/04\/01\/tfc-megszakadt-a-jo-tavaszi-sorozat\/#primaryimage","url":"https:\/\/miklostv.com\/new\/wp-content\/uploads\/2019\/04\/kunhegyes_-_tfc_4-1_2019.03.30._cikkbe_logozva.jpg","contentUrl":"https:\/\/miklostv.com\/new\/wp-content\/uploads\/2019\/04\/kunhegyes_-_tfc_4-1_2019.03.30._cikkbe_logozva.jpg","width":1024,"height":536,"caption":"kunhegyes tfc 4 1 2019.03.30. cikkbe log\u00f3zva"},{"@type":"BreadcrumbList","@id":"https:\/\/miklostv.com\/new\/2019\/04\/01\/tfc-megszakadt-a-jo-tavaszi-sorozat\/#breadcrumb","itemListElement":[{"@type":"ListItem","position":1,"name":"Kezd\u0151lap","item":"https:\/\/miklostv.com\/new\/"},{"@type":"ListItem","position":2,"name":"T\u00d6R\u00d6KSZENTMIKL\u00d3SI FC &#8211; MEGSZAKADT A J\u00d3 TAVASZI SOROZAT"}]},{"@type":"WebSite","@id":"https:\/\/miklostv.com\/new\/#website","url":"https:\/\/miklostv.com\/new\/","name":"Mikl\u00f3s TV","description":"Mikl\u00f3s TV","potentialAction":[{"@type":"SearchAction","target":{"@type":"EntryPoint","urlTemplate":"https:\/\/miklostv.com\/new\/?s={search_term_string}"},"query-input":{"@type":"PropertyValueSpecification","valueRequired":true,"valueName":"search_term_string"}}],"inLanguage":"hu"},{"@type":"Person","@id":"https:\/\/miklostv.com\/new\/#\/schema\/person\/6339cdd0bbd336ec6345812e3958be3b","name":"S\u00e1ndor","sameAs":["https:\/\/miklostv.com\/new"],"url":"https:\/\/miklostv.com\/new\/author\/sanyi\/"}]}},"_links":{"self":[{"href":"https:\/\/miklostv.com\/new\/wp-json\/wp\/v2\/posts\/3184","targetHints":{"allow":["GET"]}}],"collection":[{"href":"https:\/\/miklostv.com\/new\/wp-json\/wp\/v2\/posts"}],"about":[{"href":"https:\/\/miklostv.com\/new\/wp-json\/wp\/v2\/types\/post"}],"author":[{"embeddable":true,"href":"https:\/\/miklostv.com\/new\/wp-json\/wp\/v2\/users\/1"}],"replies":[{"embeddable":true,"href":"https:\/\/miklostv.com\/new\/wp-json\/wp\/v2\/comments?post=3184"}],"version-history":[{"count":1,"href":"https:\/\/miklostv.com\/new\/wp-json\/wp\/v2\/posts\/3184\/revisions"}],"predecessor-version":[{"id":7237,"href":"https:\/\/miklostv.com\/new\/wp-json\/wp\/v2\/posts\/3184\/revisions\/7237"}],"wp:featuredmedia":[{"embeddable":true,"href":"https:\/\/miklostv.com\/new\/wp-json\/wp\/v2\/media\/3180"}],"wp:attachment":[{"href":"https:\/\/miklostv.com\/new\/wp-json\/wp\/v2\/media?parent=3184"}],"wp:term":[{"taxonomy":"category","embeddable":true,"href":"https:\/\/miklostv.com\/new\/wp-json\/wp\/v2\/categories?post=3184"},{"taxonomy":"post_tag","embeddable":true,"href":"https:\/\/miklostv.com\/new\/wp-json\/wp\/v2\/tags?post=3184"}],"curies":[{"name":"wp","href":"https:\/\/api.w.org\/{rel}","templated":true}]}}