{"id":3173,"date":"2019-03-28T19:15:13","date_gmt":"2019-03-28T19:15:13","guid":{"rendered":"https:\/\/miklostv.com\/new\/2019\/03\/28\/torokszentmiklosi-fc-eddigi-legnagyobb-gyozelem-a-szezonban\/"},"modified":"2023-02-06T20:31:39","modified_gmt":"2023-02-06T20:31:39","slug":"torokszentmiklosi-fc-eddigi-legnagyobb-gyozelem-a-szezonban","status":"publish","type":"post","link":"https:\/\/miklostv.com\/new\/2019\/03\/28\/torokszentmiklosi-fc-eddigi-legnagyobb-gyozelem-a-szezonban\/","title":{"rendered":"T\u00d6R\u00d6KSZENTMIKL\u00d3SI FC &#8211; EDDIGI LEGNAGYOBB GY\u0150ZELEM A SZEZONBAN"},"content":{"rendered":"\n<p><strong>A szezon eddigi legnagyobb gy\u0151zelm\u00e9t aratta a TFC a 20. fordul\u00f3ban.&nbsp;<\/strong><\/p>\n\n\n\n<p>A cserej\u00e1t\u00e9kos n\u00e9lk\u00fcl \u00e9rkez\u0151 vend\u00e9gcsapatnak, m\u00e1r a m\u00e1sodik percben g\u00f3lt r\u00faga hazai csapat az els\u0151 sz\u00f6gletb\u0151l. Kiss Csaba g\u00f3lja azonban csak a kezdet volt. A 4. \u00e9s a 34. percben Angyal Csaba volt eredm\u00e9nyes, a 37. percben Lakatos Kirill Zolta vette be a kis\u00e9ri kaput. 4-0 a f\u00e9lidei \u00e1ll\u00e1s. A m\u00e1sodik j\u00e1t\u00e9kr\u00e9szben Szedl\u00e1k Zolt\u00e1n is feliratkozott a a g\u00f3ll\u00f6v\u0151 list\u00e1ra (52. perc), majd az 55.-ben Czibak 11-esb\u0151l sz\u00e9p\u00edtett. 2 perccel k\u00e9s\u0151bb Angyal eljutott a mesterh\u00e1rmasig, a 64. percben azonban ezt is megfejelte 4. tal\u00e1lat\u00e1val. 7-1 ut\u00e1n sem \u00e1llt le Kinyik Gy\u00f6rgy csapata, Szedl\u00e1k Z. a\u00a070. percben 8-1-re, Kinyik Zolt\u00e1n a 72.-ben 9-1-re alak\u00edtotta az eredm\u00e9nyt. A 82. percben Szedl\u00e1k is kipip\u00e1lhatta a mesterh\u00e1rmast, majd a cserek\u00e9nt p\u00e1ly\u00e1ra l\u00e9p\u0151 Buru Zolt\u00e1n is eredm\u00e9nyes tudott lenni. A meccs utols\u00f3 g\u00f3lja is Szedl\u00e1k nev\u00e9hez f\u0171z\u0151dik a 91. percben. A Csab\u00e1k \u00e9s Zolt\u00e1nok (Zolta-Zolt\u00e1n) g\u00f3lcsat\u00e1j\u00e1t ut\u00f3bbiak nyert\u00e9k 5-7-re \ud83d\ude42<\/p>\n\n\n\n<figure class=\"wp-block-embed is-type-video is-provider-youtube wp-block-embed-youtube wp-embed-aspect-16-9 wp-has-aspect-ratio\"><div class=\"wp-block-embed__wrapper\">\n<iframe  id=\"_ytid_58087\"  width=\"800\" height=\"450\"  data-origwidth=\"800\" data-origheight=\"450\" src=\"https:\/\/www.youtube.com\/embed\/kQzSWKK9klE?enablejsapi=1&#038;autoplay=0&#038;cc_load_policy=0&#038;cc_lang_pref=hu&#038;iv_load_policy=1&#038;loop=0&#038;rel=1&#038;fs=1&#038;playsinline=1&#038;autohide=2&#038;theme=dark&#038;color=red&#038;controls=1&#038;disablekb=0&#038;\" class=\"__youtube_prefs__  epyt-is-override  no-lazyload\" title=\"YouTube player\"  allow=\"fullscreen; accelerometer; autoplay; clipboard-write; encrypted-media; gyroscope; picture-in-picture; web-share\" referrerpolicy=\"strict-origin-when-cross-origin\" allowfullscreen data-no-lazy=\"1\" data-skipgform_ajax_framebjll=\"\"><\/iframe>\n<\/div><\/figure>\n\n\n\n<figure class=\"wp-block-image\"><img fetchpriority=\"high\" decoding=\"async\" width=\"960\" height=\"796\" src=\"https:\/\/miklostv.com\/new\/wp-content\/uploads\/2019\/03\/tfc-jaszkiser_jegyzokonyv.jpg\" alt=\"tfc j\u00e1szkis\u00e9r jegyz\u0151k\u00f6nyv\" class=\"wp-image-3170\" srcset=\"https:\/\/miklostv.com\/new\/wp-content\/uploads\/2019\/03\/tfc-jaszkiser_jegyzokonyv.jpg 960w, https:\/\/miklostv.com\/new\/wp-content\/uploads\/2019\/03\/tfc-jaszkiser_jegyzokonyv-300x249.jpg 300w, https:\/\/miklostv.com\/new\/wp-content\/uploads\/2019\/03\/tfc-jaszkiser_jegyzokonyv-768x637.jpg 768w\" sizes=\"(max-width: 960px) 100vw, 960px\" \/><\/figure>\n\n\n\n<figure class=\"wp-block-embed is-type-video is-provider-youtube wp-block-embed-youtube wp-embed-aspect-16-9 wp-has-aspect-ratio\"><div class=\"wp-block-embed__wrapper\">\n<iframe  id=\"_ytid_30727\"  width=\"800\" height=\"450\"  data-origwidth=\"800\" data-origheight=\"450\" src=\"https:\/\/www.youtube.com\/embed\/kKK9-UV73T4?enablejsapi=1&#038;autoplay=0&#038;cc_load_policy=0&#038;cc_lang_pref=hu&#038;iv_load_policy=1&#038;loop=0&#038;rel=1&#038;fs=1&#038;playsinline=1&#038;autohide=2&#038;theme=dark&#038;color=red&#038;controls=1&#038;disablekb=0&#038;\" class=\"__youtube_prefs__  epyt-is-override  no-lazyload\" title=\"YouTube player\"  allow=\"fullscreen; accelerometer; autoplay; clipboard-write; encrypted-media; gyroscope; picture-in-picture; web-share\" referrerpolicy=\"strict-origin-when-cross-origin\" allowfullscreen data-no-lazy=\"1\" data-skipgform_ajax_framebjll=\"\"><\/iframe>\n<\/div><\/figure>\n\n\n\n<figure class=\"wp-block-image\"><img decoding=\"async\" width=\"960\" height=\"540\" src=\"https:\/\/miklostv.com\/new\/wp-content\/uploads\/2019\/03\/FOCIERED_2018-2019_20.FORD_.jpg\" alt=\"FOCIERED 2018 2019 20.FORD\" class=\"wp-image-3171\" srcset=\"https:\/\/miklostv.com\/new\/wp-content\/uploads\/2019\/03\/FOCIERED_2018-2019_20.FORD_.jpg 960w, https:\/\/miklostv.com\/new\/wp-content\/uploads\/2019\/03\/FOCIERED_2018-2019_20.FORD_-300x169.jpg 300w, https:\/\/miklostv.com\/new\/wp-content\/uploads\/2019\/03\/FOCIERED_2018-2019_20.FORD_-768x432.jpg 768w\" sizes=\"(max-width: 960px) 100vw, 960px\" \/><\/figure>\n\n\n\n<figure class=\"wp-block-image\"><img decoding=\"async\" width=\"1920\" height=\"1080\" src=\"https:\/\/miklostv.com\/new\/wp-content\/uploads\/2019\/03\/FOCITAB_2018-2019egyesitve_20_fordulo.png\" alt=\"FOCITAB 2018 2019egyes\u00edtve 20 fordul\u00f3\" class=\"wp-image-3172\" srcset=\"https:\/\/miklostv.com\/new\/wp-content\/uploads\/2019\/03\/FOCITAB_2018-2019egyesitve_20_fordulo.png 1920w, https:\/\/miklostv.com\/new\/wp-content\/uploads\/2019\/03\/FOCITAB_2018-2019egyesitve_20_fordulo-300x169.png 300w, https:\/\/miklostv.com\/new\/wp-content\/uploads\/2019\/03\/FOCITAB_2018-2019egyesitve_20_fordulo-1024x576.png 1024w, https:\/\/miklostv.com\/new\/wp-content\/uploads\/2019\/03\/FOCITAB_2018-2019egyesitve_20_fordulo-768x432.png 768w, https:\/\/miklostv.com\/new\/wp-content\/uploads\/2019\/03\/FOCITAB_2018-2019egyesitve_20_fordulo-1536x864.png 1536w\" sizes=\"(max-width: 1920px) 100vw, 1920px\" \/><\/figure>\n","protected":false},"excerpt":{"rendered":"<p>A szezon eddigi legnagyobb gy\u0151zelm\u00e9t aratta a TFC a 20. fordul\u00f3ban.&nbsp; A cserej\u00e1t\u00e9kos n\u00e9lk\u00fcl \u00e9rkez\u0151 vend\u00e9gcsapatnak, m\u00e1r a m\u00e1sodik percben g\u00f3lt r\u00faga hazai csapat az els\u0151 sz\u00f6gletb\u0151l. Kiss Csaba g\u00f3lja azonban csak a kezdet volt. A 4. \u00e9s a 34. percben Angyal Csaba volt eredm\u00e9nyes, a 37. percben Lakatos Kirill Zolta vette be a kis\u00e9ri kaput. 4-0 a f\u00e9lidei \u00e1ll\u00e1s. A m\u00e1sodik j\u00e1t\u00e9kr\u00e9szben Szedl\u00e1k Zolt\u00e1n is feliratkozott a a g\u00f3ll\u00f6v\u0151 list\u00e1ra (52. perc), majd az 55.-ben Czibak 11-esb\u0151l sz\u00e9p\u00edtett. 2 perccel k\u00e9s\u0151bb Angyal eljutott a mesterh\u00e1rmasig, a 64. percben azonban&hellip;<\/p>\n","protected":false},"author":1,"featured_media":3169,"comment_status":"open","ping_status":"open","sticky":false,"template":"","format":"standard","meta":{"fifu_image_url":"","fifu_image_alt":"","footnotes":""},"categories":[33],"tags":[],"class_list":["post-3173","post","type-post","status-publish","format-standard","has-post-thumbnail","hentry","category-sport-hirek"],"gutentor_comment":0,"yoast_head":"<!-- This site is optimized with the Yoast SEO plugin v27.4 - https:\/\/yoast.com\/product\/yoast-seo-wordpress\/ -->\n<title>T\u00d6R\u00d6KSZENTMIKL\u00d3SI FC - EDDIGI LEGNAGYOBB GY\u0150ZELEM A SZEZONBAN - Mikl\u00f3s TV<\/title>\n<meta name=\"robots\" content=\"index, follow, max-snippet:-1, max-image-preview:large, max-video-preview:-1\" \/>\n<link rel=\"canonical\" href=\"https:\/\/miklostv.com\/new\/2019\/03\/28\/torokszentmiklosi-fc-eddigi-legnagyobb-gyozelem-a-szezonban\/\" \/>\n<meta property=\"og:locale\" content=\"hu_HU\" \/>\n<meta property=\"og:type\" content=\"article\" \/>\n<meta property=\"og:title\" content=\"T\u00d6R\u00d6KSZENTMIKL\u00d3SI FC - EDDIGI LEGNAGYOBB GY\u0150ZELEM A SZEZONBAN - Mikl\u00f3s TV\" \/>\n<meta property=\"og:description\" content=\"A szezon eddigi legnagyobb gy\u0151zelm\u00e9t aratta a TFC a 20. fordul\u00f3ban.&nbsp; A cserej\u00e1t\u00e9kos n\u00e9lk\u00fcl \u00e9rkez\u0151 vend\u00e9gcsapatnak, m\u00e1r a m\u00e1sodik percben g\u00f3lt r\u00faga hazai csapat az els\u0151 sz\u00f6gletb\u0151l. Kiss Csaba g\u00f3lja azonban csak a kezdet volt. A 4. \u00e9s a 34. percben Angyal Csaba volt eredm\u00e9nyes, a 37. percben Lakatos Kirill Zolta vette be a kis\u00e9ri kaput. 4-0 a f\u00e9lidei \u00e1ll\u00e1s. A m\u00e1sodik j\u00e1t\u00e9kr\u00e9szben Szedl\u00e1k Zolt\u00e1n is feliratkozott a a g\u00f3ll\u00f6v\u0151 list\u00e1ra (52. perc), majd az 55.-ben Czibak 11-esb\u0151l sz\u00e9p\u00edtett. 2 perccel k\u00e9s\u0151bb Angyal eljutott a mesterh\u00e1rmasig, a 64. percben azonban&hellip;\" \/>\n<meta property=\"og:url\" content=\"https:\/\/miklostv.com\/new\/2019\/03\/28\/torokszentmiklosi-fc-eddigi-legnagyobb-gyozelem-a-szezonban\/\" \/>\n<meta property=\"og:site_name\" content=\"Mikl\u00f3s TV\" \/>\n<meta property=\"article:published_time\" content=\"2019-03-28T19:15:13+00:00\" \/>\n<meta property=\"article:modified_time\" content=\"2023-02-06T20:31:39+00:00\" \/>\n<meta property=\"og:image\" content=\"https:\/\/miklostv.com\/new\/wp-content\/uploads\/2019\/03\/tfc-jaszkisercikkbe_logos-2.jpg\" \/>\n\t<meta property=\"og:image:width\" content=\"1024\" \/>\n\t<meta property=\"og:image:height\" content=\"536\" \/>\n\t<meta property=\"og:image:type\" content=\"image\/jpeg\" \/>\n<meta name=\"author\" content=\"S\u00e1ndor\" \/>\n<meta name=\"twitter:card\" content=\"summary_large_image\" \/>\n<meta name=\"twitter:label1\" content=\"Szerz\u0151:\" \/>\n\t<meta name=\"twitter:data1\" content=\"S\u00e1ndor\" \/>\n\t<meta name=\"twitter:label2\" content=\"Becs\u00fclt olvas\u00e1si id\u0151\" \/>\n\t<meta name=\"twitter:data2\" content=\"2 perc\" \/>\n<script type=\"application\/ld+json\" class=\"yoast-schema-graph\">{\"@context\":\"https:\\\/\\\/schema.org\",\"@graph\":[{\"@type\":\"NewsArticle\",\"@id\":\"https:\\\/\\\/miklostv.com\\\/new\\\/2019\\\/03\\\/28\\\/torokszentmiklosi-fc-eddigi-legnagyobb-gyozelem-a-szezonban\\\/#article\",\"isPartOf\":{\"@id\":\"https:\\\/\\\/miklostv.com\\\/new\\\/2019\\\/03\\\/28\\\/torokszentmiklosi-fc-eddigi-legnagyobb-gyozelem-a-szezonban\\\/\"},\"author\":{\"name\":\"S\u00e1ndor\",\"@id\":\"https:\\\/\\\/miklostv.com\\\/new\\\/#\\\/schema\\\/person\\\/6339cdd0bbd336ec6345812e3958be3b\"},\"headline\":\"T\u00d6R\u00d6KSZENTMIKL\u00d3SI FC &#8211; EDDIGI LEGNAGYOBB GY\u0150ZELEM A SZEZONBAN\",\"datePublished\":\"2019-03-28T19:15:13+00:00\",\"dateModified\":\"2023-02-06T20:31:39+00:00\",\"mainEntityOfPage\":{\"@id\":\"https:\\\/\\\/miklostv.com\\\/new\\\/2019\\\/03\\\/28\\\/torokszentmiklosi-fc-eddigi-legnagyobb-gyozelem-a-szezonban\\\/\"},\"wordCount\":236,\"commentCount\":0,\"image\":{\"@id\":\"https:\\\/\\\/miklostv.com\\\/new\\\/2019\\\/03\\\/28\\\/torokszentmiklosi-fc-eddigi-legnagyobb-gyozelem-a-szezonban\\\/#primaryimage\"},\"thumbnailUrl\":\"https:\\\/\\\/miklostv.com\\\/new\\\/wp-content\\\/uploads\\\/2019\\\/03\\\/tfc-jaszkisercikkbe_logos-2.jpg\",\"articleSection\":[\"Sporth\u00edrek\"],\"inLanguage\":\"hu\"},{\"@type\":\"WebPage\",\"@id\":\"https:\\\/\\\/miklostv.com\\\/new\\\/2019\\\/03\\\/28\\\/torokszentmiklosi-fc-eddigi-legnagyobb-gyozelem-a-szezonban\\\/\",\"url\":\"https:\\\/\\\/miklostv.com\\\/new\\\/2019\\\/03\\\/28\\\/torokszentmiklosi-fc-eddigi-legnagyobb-gyozelem-a-szezonban\\\/\",\"name\":\"T\u00d6R\u00d6KSZENTMIKL\u00d3SI FC - EDDIGI LEGNAGYOBB GY\u0150ZELEM A SZEZONBAN - Mikl\u00f3s TV\",\"isPartOf\":{\"@id\":\"https:\\\/\\\/miklostv.com\\\/new\\\/#website\"},\"primaryImageOfPage\":{\"@id\":\"https:\\\/\\\/miklostv.com\\\/new\\\/2019\\\/03\\\/28\\\/torokszentmiklosi-fc-eddigi-legnagyobb-gyozelem-a-szezonban\\\/#primaryimage\"},\"image\":{\"@id\":\"https:\\\/\\\/miklostv.com\\\/new\\\/2019\\\/03\\\/28\\\/torokszentmiklosi-fc-eddigi-legnagyobb-gyozelem-a-szezonban\\\/#primaryimage\"},\"thumbnailUrl\":\"https:\\\/\\\/miklostv.com\\\/new\\\/wp-content\\\/uploads\\\/2019\\\/03\\\/tfc-jaszkisercikkbe_logos-2.jpg\",\"datePublished\":\"2019-03-28T19:15:13+00:00\",\"dateModified\":\"2023-02-06T20:31:39+00:00\",\"author\":{\"@id\":\"https:\\\/\\\/miklostv.com\\\/new\\\/#\\\/schema\\\/person\\\/6339cdd0bbd336ec6345812e3958be3b\"},\"breadcrumb\":{\"@id\":\"https:\\\/\\\/miklostv.com\\\/new\\\/2019\\\/03\\\/28\\\/torokszentmiklosi-fc-eddigi-legnagyobb-gyozelem-a-szezonban\\\/#breadcrumb\"},\"inLanguage\":\"hu\",\"potentialAction\":[{\"@type\":\"ReadAction\",\"target\":[\"https:\\\/\\\/miklostv.com\\\/new\\\/2019\\\/03\\\/28\\\/torokszentmiklosi-fc-eddigi-legnagyobb-gyozelem-a-szezonban\\\/\"]}]},{\"@type\":\"ImageObject\",\"inLanguage\":\"hu\",\"@id\":\"https:\\\/\\\/miklostv.com\\\/new\\\/2019\\\/03\\\/28\\\/torokszentmiklosi-fc-eddigi-legnagyobb-gyozelem-a-szezonban\\\/#primaryimage\",\"url\":\"https:\\\/\\\/miklostv.com\\\/new\\\/wp-content\\\/uploads\\\/2019\\\/03\\\/tfc-jaszkisercikkbe_logos-2.jpg\",\"contentUrl\":\"https:\\\/\\\/miklostv.com\\\/new\\\/wp-content\\\/uploads\\\/2019\\\/03\\\/tfc-jaszkisercikkbe_logos-2.jpg\",\"width\":1024,\"height\":536,\"caption\":\"tfc j\u00e1szkis\u00e9rcikkbe log\u00f3s 2\"},{\"@type\":\"BreadcrumbList\",\"@id\":\"https:\\\/\\\/miklostv.com\\\/new\\\/2019\\\/03\\\/28\\\/torokszentmiklosi-fc-eddigi-legnagyobb-gyozelem-a-szezonban\\\/#breadcrumb\",\"itemListElement\":[{\"@type\":\"ListItem\",\"position\":1,\"name\":\"Kezd\u0151lap\",\"item\":\"https:\\\/\\\/miklostv.com\\\/new\\\/\"},{\"@type\":\"ListItem\",\"position\":2,\"name\":\"T\u00d6R\u00d6KSZENTMIKL\u00d3SI FC &#8211; EDDIGI LEGNAGYOBB GY\u0150ZELEM A SZEZONBAN\"}]},{\"@type\":\"WebSite\",\"@id\":\"https:\\\/\\\/miklostv.com\\\/new\\\/#website\",\"url\":\"https:\\\/\\\/miklostv.com\\\/new\\\/\",\"name\":\"Mikl\u00f3s TV\",\"description\":\"Mikl\u00f3s TV\",\"potentialAction\":[{\"@type\":\"SearchAction\",\"target\":{\"@type\":\"EntryPoint\",\"urlTemplate\":\"https:\\\/\\\/miklostv.com\\\/new\\\/?s={search_term_string}\"},\"query-input\":{\"@type\":\"PropertyValueSpecification\",\"valueRequired\":true,\"valueName\":\"search_term_string\"}}],\"inLanguage\":\"hu\"},{\"@type\":\"Person\",\"@id\":\"https:\\\/\\\/miklostv.com\\\/new\\\/#\\\/schema\\\/person\\\/6339cdd0bbd336ec6345812e3958be3b\",\"name\":\"S\u00e1ndor\",\"sameAs\":[\"https:\\\/\\\/miklostv.com\\\/new\"],\"url\":\"https:\\\/\\\/miklostv.com\\\/new\\\/author\\\/sanyi\\\/\"}]}<\/script>\n<!-- \/ Yoast SEO plugin. -->","yoast_head_json":{"title":"T\u00d6R\u00d6KSZENTMIKL\u00d3SI FC - EDDIGI LEGNAGYOBB GY\u0150ZELEM A SZEZONBAN - Mikl\u00f3s TV","robots":{"index":"index","follow":"follow","max-snippet":"max-snippet:-1","max-image-preview":"max-image-preview:large","max-video-preview":"max-video-preview:-1"},"canonical":"https:\/\/miklostv.com\/new\/2019\/03\/28\/torokszentmiklosi-fc-eddigi-legnagyobb-gyozelem-a-szezonban\/","og_locale":"hu_HU","og_type":"article","og_title":"T\u00d6R\u00d6KSZENTMIKL\u00d3SI FC - EDDIGI LEGNAGYOBB GY\u0150ZELEM A SZEZONBAN - Mikl\u00f3s TV","og_description":"A szezon eddigi legnagyobb gy\u0151zelm\u00e9t aratta a TFC a 20. fordul\u00f3ban.&nbsp; A cserej\u00e1t\u00e9kos n\u00e9lk\u00fcl \u00e9rkez\u0151 vend\u00e9gcsapatnak, m\u00e1r a m\u00e1sodik percben g\u00f3lt r\u00faga hazai csapat az els\u0151 sz\u00f6gletb\u0151l. Kiss Csaba g\u00f3lja azonban csak a kezdet volt. A 4. \u00e9s a 34. percben Angyal Csaba volt eredm\u00e9nyes, a 37. percben Lakatos Kirill Zolta vette be a kis\u00e9ri kaput. 4-0 a f\u00e9lidei \u00e1ll\u00e1s. A m\u00e1sodik j\u00e1t\u00e9kr\u00e9szben Szedl\u00e1k Zolt\u00e1n is feliratkozott a a g\u00f3ll\u00f6v\u0151 list\u00e1ra (52. perc), majd az 55.-ben Czibak 11-esb\u0151l sz\u00e9p\u00edtett. 2 perccel k\u00e9s\u0151bb Angyal eljutott a mesterh\u00e1rmasig, a 64. percben azonban&hellip;","og_url":"https:\/\/miklostv.com\/new\/2019\/03\/28\/torokszentmiklosi-fc-eddigi-legnagyobb-gyozelem-a-szezonban\/","og_site_name":"Mikl\u00f3s TV","article_published_time":"2019-03-28T19:15:13+00:00","article_modified_time":"2023-02-06T20:31:39+00:00","og_image":[{"width":1024,"height":536,"url":"https:\/\/miklostv.com\/new\/wp-content\/uploads\/2019\/03\/tfc-jaszkisercikkbe_logos-2.jpg","type":"image\/jpeg"}],"author":"S\u00e1ndor","twitter_card":"summary_large_image","twitter_misc":{"Szerz\u0151:":"S\u00e1ndor","Becs\u00fclt olvas\u00e1si id\u0151":"2 perc"},"schema":{"@context":"https:\/\/schema.org","@graph":[{"@type":"NewsArticle","@id":"https:\/\/miklostv.com\/new\/2019\/03\/28\/torokszentmiklosi-fc-eddigi-legnagyobb-gyozelem-a-szezonban\/#article","isPartOf":{"@id":"https:\/\/miklostv.com\/new\/2019\/03\/28\/torokszentmiklosi-fc-eddigi-legnagyobb-gyozelem-a-szezonban\/"},"author":{"name":"S\u00e1ndor","@id":"https:\/\/miklostv.com\/new\/#\/schema\/person\/6339cdd0bbd336ec6345812e3958be3b"},"headline":"T\u00d6R\u00d6KSZENTMIKL\u00d3SI FC &#8211; EDDIGI LEGNAGYOBB GY\u0150ZELEM A SZEZONBAN","datePublished":"2019-03-28T19:15:13+00:00","dateModified":"2023-02-06T20:31:39+00:00","mainEntityOfPage":{"@id":"https:\/\/miklostv.com\/new\/2019\/03\/28\/torokszentmiklosi-fc-eddigi-legnagyobb-gyozelem-a-szezonban\/"},"wordCount":236,"commentCount":0,"image":{"@id":"https:\/\/miklostv.com\/new\/2019\/03\/28\/torokszentmiklosi-fc-eddigi-legnagyobb-gyozelem-a-szezonban\/#primaryimage"},"thumbnailUrl":"https:\/\/miklostv.com\/new\/wp-content\/uploads\/2019\/03\/tfc-jaszkisercikkbe_logos-2.jpg","articleSection":["Sporth\u00edrek"],"inLanguage":"hu"},{"@type":"WebPage","@id":"https:\/\/miklostv.com\/new\/2019\/03\/28\/torokszentmiklosi-fc-eddigi-legnagyobb-gyozelem-a-szezonban\/","url":"https:\/\/miklostv.com\/new\/2019\/03\/28\/torokszentmiklosi-fc-eddigi-legnagyobb-gyozelem-a-szezonban\/","name":"T\u00d6R\u00d6KSZENTMIKL\u00d3SI FC - EDDIGI LEGNAGYOBB GY\u0150ZELEM A SZEZONBAN - Mikl\u00f3s TV","isPartOf":{"@id":"https:\/\/miklostv.com\/new\/#website"},"primaryImageOfPage":{"@id":"https:\/\/miklostv.com\/new\/2019\/03\/28\/torokszentmiklosi-fc-eddigi-legnagyobb-gyozelem-a-szezonban\/#primaryimage"},"image":{"@id":"https:\/\/miklostv.com\/new\/2019\/03\/28\/torokszentmiklosi-fc-eddigi-legnagyobb-gyozelem-a-szezonban\/#primaryimage"},"thumbnailUrl":"https:\/\/miklostv.com\/new\/wp-content\/uploads\/2019\/03\/tfc-jaszkisercikkbe_logos-2.jpg","datePublished":"2019-03-28T19:15:13+00:00","dateModified":"2023-02-06T20:31:39+00:00","author":{"@id":"https:\/\/miklostv.com\/new\/#\/schema\/person\/6339cdd0bbd336ec6345812e3958be3b"},"breadcrumb":{"@id":"https:\/\/miklostv.com\/new\/2019\/03\/28\/torokszentmiklosi-fc-eddigi-legnagyobb-gyozelem-a-szezonban\/#breadcrumb"},"inLanguage":"hu","potentialAction":[{"@type":"ReadAction","target":["https:\/\/miklostv.com\/new\/2019\/03\/28\/torokszentmiklosi-fc-eddigi-legnagyobb-gyozelem-a-szezonban\/"]}]},{"@type":"ImageObject","inLanguage":"hu","@id":"https:\/\/miklostv.com\/new\/2019\/03\/28\/torokszentmiklosi-fc-eddigi-legnagyobb-gyozelem-a-szezonban\/#primaryimage","url":"https:\/\/miklostv.com\/new\/wp-content\/uploads\/2019\/03\/tfc-jaszkisercikkbe_logos-2.jpg","contentUrl":"https:\/\/miklostv.com\/new\/wp-content\/uploads\/2019\/03\/tfc-jaszkisercikkbe_logos-2.jpg","width":1024,"height":536,"caption":"tfc j\u00e1szkis\u00e9rcikkbe log\u00f3s 2"},{"@type":"BreadcrumbList","@id":"https:\/\/miklostv.com\/new\/2019\/03\/28\/torokszentmiklosi-fc-eddigi-legnagyobb-gyozelem-a-szezonban\/#breadcrumb","itemListElement":[{"@type":"ListItem","position":1,"name":"Kezd\u0151lap","item":"https:\/\/miklostv.com\/new\/"},{"@type":"ListItem","position":2,"name":"T\u00d6R\u00d6KSZENTMIKL\u00d3SI FC &#8211; EDDIGI LEGNAGYOBB GY\u0150ZELEM A SZEZONBAN"}]},{"@type":"WebSite","@id":"https:\/\/miklostv.com\/new\/#website","url":"https:\/\/miklostv.com\/new\/","name":"Mikl\u00f3s TV","description":"Mikl\u00f3s TV","potentialAction":[{"@type":"SearchAction","target":{"@type":"EntryPoint","urlTemplate":"https:\/\/miklostv.com\/new\/?s={search_term_string}"},"query-input":{"@type":"PropertyValueSpecification","valueRequired":true,"valueName":"search_term_string"}}],"inLanguage":"hu"},{"@type":"Person","@id":"https:\/\/miklostv.com\/new\/#\/schema\/person\/6339cdd0bbd336ec6345812e3958be3b","name":"S\u00e1ndor","sameAs":["https:\/\/miklostv.com\/new"],"url":"https:\/\/miklostv.com\/new\/author\/sanyi\/"}]}},"_links":{"self":[{"href":"https:\/\/miklostv.com\/new\/wp-json\/wp\/v2\/posts\/3173","targetHints":{"allow":["GET"]}}],"collection":[{"href":"https:\/\/miklostv.com\/new\/wp-json\/wp\/v2\/posts"}],"about":[{"href":"https:\/\/miklostv.com\/new\/wp-json\/wp\/v2\/types\/post"}],"author":[{"embeddable":true,"href":"https:\/\/miklostv.com\/new\/wp-json\/wp\/v2\/users\/1"}],"replies":[{"embeddable":true,"href":"https:\/\/miklostv.com\/new\/wp-json\/wp\/v2\/comments?post=3173"}],"version-history":[{"count":2,"href":"https:\/\/miklostv.com\/new\/wp-json\/wp\/v2\/posts\/3173\/revisions"}],"predecessor-version":[{"id":7233,"href":"https:\/\/miklostv.com\/new\/wp-json\/wp\/v2\/posts\/3173\/revisions\/7233"}],"wp:featuredmedia":[{"embeddable":true,"href":"https:\/\/miklostv.com\/new\/wp-json\/wp\/v2\/media\/3169"}],"wp:attachment":[{"href":"https:\/\/miklostv.com\/new\/wp-json\/wp\/v2\/media?parent=3173"}],"wp:term":[{"taxonomy":"category","embeddable":true,"href":"https:\/\/miklostv.com\/new\/wp-json\/wp\/v2\/categories?post=3173"},{"taxonomy":"post_tag","embeddable":true,"href":"https:\/\/miklostv.com\/new\/wp-json\/wp\/v2\/tags?post=3173"}],"curies":[{"name":"wp","href":"https:\/\/api.w.org\/{rel}","templated":true}]}}